{"id":228817,"date":"2026-01-14T19:30:07","date_gmt":"2026-01-14T19:30:07","guid":{"rendered":"https:\/\/www.europesays.com\/pt\/228817\/"},"modified":"2026-01-14T19:30:07","modified_gmt":"2026-01-14T19:30:07","slug":"geoff-johns-volta-a-trabalhar-com-a-marvel-apos-mais-de-20-anos","status":"publish","type":"post","link":"https:\/\/www.europesays.com\/pt\/228817\/","title":{"rendered":"Geoff Johns volta a trabalhar com a Marvel ap\u00f3s mais de 20 anos"},"content":{"rendered":"<p class=\"wp-block-yoast-seo-estimated-reading-time yoast-reading-time__wrapper\">Estimated reading time: 2 minutos<\/p>\n<p>Mais de 20 anos depois de ter deixado a <a href=\"https:\/\/ovicio.com.br\/tag\/Marvel-comics\/\" target=\"_blank\" rel=\"noreferrer noopener nofollow\">Marvel Comics<\/a> para se tornar roteirista exclusivo da <strong>DC<\/strong>, <a href=\"https:\/\/ovicio.com.br\/tag\/Geoff-Johns\/\" target=\"_blank\" rel=\"noreferrer noopener nofollow\">Geoff Johns<\/a> voltou a colaborar com a Casa das Ideias.<\/p>\n<p>O roteirista foi contratado para escrever o crossover curto de <strong>Fam\u00edlia Aranha vs. Fam\u00edlia Superman<\/strong>, que estar\u00e1 presente na parte da <strong>Marvel <\/strong>do evento <strong>Homem-Aranha &amp; Superman<\/strong>.<\/p>\n<p>Nos anos em que ficou na <strong>DC<\/strong>, <strong>Johns <\/strong>chegou a ser chefe da divis\u00e3o de cinema e liderou a parte criativa da editora por bastante tempo. Ele saiu h\u00e1 alguns anos de uma forma muito esquisita, em meio a rumores de problemas de relacionamento com os editores.<\/p>\n<p>Bem, \u00e9 muito esquisito que algu\u00e9m com uma rela\u00e7\u00e3o t\u00e3o profunda com a <strong>DC <\/strong>tenha precisado ser contratado pela <strong>Marvel <\/strong>para participar desse evento crossover \u2014 vale ressaltar que a <strong>DC <\/strong>ter\u00e1 a sua pr\u00f3pria parte, que ser\u00e1 publicada antes.<\/p>\n<p>Atualmente, <strong>Geoff Johns<\/strong> lidera a sua pr\u00f3pria editora, a <strong>Ghost Machine<\/strong>. N\u00e3o est\u00e1 claro se esse breve retorno \u00e0 <strong>Marvel <\/strong>pode virar algo maior no futuro.<\/p>\n<p><strong>Johns <\/strong>deixou a <strong>Marvel <\/strong>em 2004. Seu \u00faltimo trabalho na Casa das Ideias foi no t\u00edtulo dos <strong>Vingadores<\/strong>.<\/p>\n<p><strong>Superman &amp; Homem-Aranha<\/strong> ser\u00e1 lan\u00e7ada em abril nos EUA. A primeira parte do evento, de responsabilidade da <strong>DC<\/strong>, chegar\u00e1 \u00e0s lojas norte-americanas um m\u00eas antes, em 25 de mar\u00e7o.<\/p>\n<p>Leia mais sobre Homem-Aranha &amp; Superman<\/p>\n<p><strong>Fonte:\u00a0<\/strong><a href=\"https:\/\/www.marvel.com\/articles\/comics\/spider-man-superman-marvel-dc-new-crossover-variant-covers-april-2026\" target=\"_blank\" rel=\"noreferrer noopener nofollow\">Marvel<\/a><\/p>\n","protected":false},"excerpt":{"rendered":"Estimated reading time: 2 minutos Mais de 20 anos depois de ter deixado a Marvel Comics para se&hellip;\n","protected":false},"author":2,"featured_media":228818,"comment_status":"","ping_status":"","sticky":false,"template":"","format":"standard","meta":{"footnotes":""},"categories":[140],"tags":[43938,43939,43940,2670,114,115,147,148,43941,43942,5814,43943,43944,43945,38874,4464,39615,146,32,33,1248,43946,43947],"class_list":{"0":"post-228817","1":"post","2":"type-post","3":"status-publish","4":"format-standard","5":"has-post-thumbnail","7":"category-filmes","8":"tag-brian-michael-bendis","9":"tag-carnificina","10":"tag-dan-slott","11":"tag-dc-comics","12":"tag-entertainment","13":"tag-entretenimento","14":"tag-film","15":"tag-filmes","16":"tag-geoff-johns","17":"tag-greg-rucka","18":"tag-homem-aranha","19":"tag-jason-aaron","20":"tag-jimmy-olsen","21":"tag-lois-lane","22":"tag-mark-waid","23":"tag-marvel-comics","24":"tag-mary-jane","25":"tag-movies","26":"tag-portugal","27":"tag-pt","28":"tag-superman","29":"tag-superman-homem-aranha","30":"tag-tom-king"},"share_on_mastodon":{"url":"https:\/\/pubeurope.com\/@pt\/115895115713557018","error":""},"_links":{"self":[{"href":"https:\/\/www.europesays.com\/pt\/wp-json\/wp\/v2\/posts\/228817","targetHints":{"allow":["GET"]}}],"collection":[{"href":"https:\/\/www.europesays.com\/pt\/wp-json\/wp\/v2\/posts"}],"about":[{"href":"https:\/\/www.europesays.com\/pt\/wp-json\/wp\/v2\/types\/post"}],"author":[{"embeddable":true,"href":"https:\/\/www.europesays.com\/pt\/wp-json\/wp\/v2\/users\/2"}],"replies":[{"embeddable":true,"href":"https:\/\/www.europesays.com\/pt\/wp-json\/wp\/v2\/comments?post=228817"}],"version-history":[{"count":0,"href":"https:\/\/www.europesays.com\/pt\/wp-json\/wp\/v2\/posts\/228817\/revisions"}],"wp:featuredmedia":[{"embeddable":true,"href":"https:\/\/www.europesays.com\/pt\/wp-json\/wp\/v2\/media\/228818"}],"wp:attachment":[{"href":"https:\/\/www.europesays.com\/pt\/wp-json\/wp\/v2\/media?parent=228817"}],"wp:term":[{"taxonomy":"category","embeddable":true,"href":"https:\/\/www.europesays.com\/pt\/wp-json\/wp\/v2\/categories?post=228817"},{"taxonomy":"post_tag","embeddable":true,"href":"https:\/\/www.europesays.com\/pt\/wp-json\/wp\/v2\/tags?post=228817"}],"curies":[{"name":"wp","href":"https:\/\/api.w.org\/{rel}","templated":true}]}}