{"id":228821,"date":"2026-01-14T19:32:11","date_gmt":"2026-01-14T19:32:11","guid":{"rendered":"https:\/\/www.europesays.com\/pt\/228821\/"},"modified":"2026-01-14T19:32:11","modified_gmt":"2026-01-14T19:32:11","slug":"prefeitura-de-volta-redonda-intensifica-acoes-com-forca-tarefa-de-combate-a-dengue","status":"publish","type":"post","link":"https:\/\/www.europesays.com\/pt\/228821\/","title":{"rendered":"Prefeitura de Volta Redonda intensifica a\u00e7\u00f5es com for\u00e7a-tarefa de combate \u00e0 dengue"},"content":{"rendered":"<dl class=\"article-info muted\">\n<dt class=\"article-info-term\">\n\t\t\t\t\t\t\t<\/dt>\n<dd class=\"create\">\n<p>\t\t\t\t\t\tCriado: 14 Janeiro 2026\n\t\t\t<\/dd>\n<dd class=\"modified\">\n<p>\t\t\t\t\t\u00daltima Atualiza\u00e7\u00e3o: 14 Janeiro 2026\n\t\t\t<\/dd>\n<\/dl>\n<p><img decoding=\"async\" src=\"https:\/\/www.europesays.com\/pt\/wp-content\/uploads\/2026\/01\/10_MIN_DENGUE.jpeg\" alt=\"\"\/><\/p>\n<p style=\"text-align: center;\">Agentes de endemia est\u00e3o percorrendo os bairros orientando e verificando poss\u00edveis criadouros do mosquito Aedes aegypti. Equipes da Infraestrutura est\u00e1 recolhendo material inserv\u00edvel<\/p>\n<p>A Prefeitura de Volta Redonda vem intensificando as a\u00e7\u00f5es de combate \u00e0 dengue, promovendo uma for\u00e7a-tarefa pelos bairros, por meio de parceria entre as secretarias municipais de Sa\u00fade (SMS) \u2013 atrav\u00e9s da Vigil\u00e2ncia Ambiental \u2013 e de Servi\u00e7os P\u00fablicos (SMSP).<\/p>\n<p>Os agentes de endemia da Vigil\u00e2ncia Ambiental percorrem as ruas do bairro visitando as resid\u00eancias, orientando os moradores e refor\u00e7ando as a\u00e7\u00f5es de preven\u00e7\u00e3o contra a dengue. E a SMSP disponibiliza um caminh\u00e3o e uma retroescavadeira para remo\u00e7\u00e3o de m\u00f3veis, garrafas, entulhos e outros materiais que possam vir a ser criadouros do mosquito Aedes aegypti \u2013 transmissor da dengue, zika e chikungunya.<\/p>\n<p>A Vigil\u00e2ncia Ambiental ressalta que os principais focos do Aedes Aegypti est\u00e3o dentro das casas, em pratinhos de plantas e no lixo armazenado de forma incorreta. \u00c9 preciso realizar uma vistoria toda semana, fiscalizando ralos, vasos de plantas e recolhendo lixos ou entulhos acumulados. O mosquito leva de 7 a 10 dias entre a eclos\u00e3o do ovo e a fase adulta. Fazendo a vistoria \u00e9 poss\u00edvel interromper esse ciclo.<\/p>\n<p>Secom\/PMVR<\/p>\n<p>\t\t\t\t\t\t<a href=\"https:\/\/www.pinterest.com\/pin\/create\/button\/\" data-pin-do=\"buttonBookmark\" data-pin-color=\"red\" rel=\"nofollow noopener\" target=\"_blank\"><img decoding=\"async\" src=\"https:\/\/www.europesays.com\/pt\/wp-content\/uploads\/2025\/12\/pinit_fg_en_rect_red_20.png\" alt=\"Pin It\"\/><\/a><\/p>\n","protected":false},"excerpt":{"rendered":"Criado: 14 Janeiro 2026 \u00daltima Atualiza\u00e7\u00e3o: 14 Janeiro 2026 Agentes de endemia est\u00e3o percorrendo os bairros orientando e&hellip;\n","protected":false},"author":2,"featured_media":228822,"comment_status":"","ping_status":"","sticky":false,"template":"","format":"standard","meta":{"footnotes":""},"categories":[86],"tags":[7005,116,7003,32,3046,7007,7006,33,117,7010,7009,7004,7011,7008,7012],"class_list":{"0":"post-228821","1":"post","2":"type-post","3":"status-publish","4":"format-standard","5":"has-post-thumbnail","7":"category-saude","8":"tag-cidade-do-aco","9":"tag-health","10":"tag-portalvr","11":"tag-portugal","12":"tag-prefeitura","13":"tag-prefeitura-de-volta-redonda","14":"tag-prefeitura-vr","15":"tag-pt","16":"tag-saude","17":"tag-site-prefeitura-volta-redonda","18":"tag-site-volta-redonda","19":"tag-volta-redonda","20":"tag-volta-redonda-prefeitura","21":"tag-voltaredonda","22":"tag-vr-prefeitura"},"share_on_mastodon":{"url":"https:\/\/pubeurope.com\/@pt\/115895123511531953","error":""},"_links":{"self":[{"href":"https:\/\/www.europesays.com\/pt\/wp-json\/wp\/v2\/posts\/228821","targetHints":{"allow":["GET"]}}],"collection":[{"href":"https:\/\/www.europesays.com\/pt\/wp-json\/wp\/v2\/posts"}],"about":[{"href":"https:\/\/www.europesays.com\/pt\/wp-json\/wp\/v2\/types\/post"}],"author":[{"embeddable":true,"href":"https:\/\/www.europesays.com\/pt\/wp-json\/wp\/v2\/users\/2"}],"replies":[{"embeddable":true,"href":"https:\/\/www.europesays.com\/pt\/wp-json\/wp\/v2\/comments?post=228821"}],"version-history":[{"count":0,"href":"https:\/\/www.europesays.com\/pt\/wp-json\/wp\/v2\/posts\/228821\/revisions"}],"wp:featuredmedia":[{"embeddable":true,"href":"https:\/\/www.europesays.com\/pt\/wp-json\/wp\/v2\/media\/228822"}],"wp:attachment":[{"href":"https:\/\/www.europesays.com\/pt\/wp-json\/wp\/v2\/media?parent=228821"}],"wp:term":[{"taxonomy":"category","embeddable":true,"href":"https:\/\/www.europesays.com\/pt\/wp-json\/wp\/v2\/categories?post=228821"},{"taxonomy":"post_tag","embeddable":true,"href":"https:\/\/www.europesays.com\/pt\/wp-json\/wp\/v2\/tags?post=228821"}],"curies":[{"name":"wp","href":"https:\/\/api.w.org\/{rel}","templated":true}]}}