{"id":228827,"date":"2026-01-14T19:37:10","date_gmt":"2026-01-14T19:37:10","guid":{"rendered":"https:\/\/www.europesays.com\/pt\/228827\/"},"modified":"2026-01-14T19:37:10","modified_gmt":"2026-01-14T19:37:10","slug":"excel-dos-flintstones-ministro-ironiza-sistema-que-gere-o-orcamento-do-estado","status":"publish","type":"post","link":"https:\/\/www.europesays.com\/pt\/228827\/","title":{"rendered":"&#8220;Excel dos Flintstones&#8221;: ministro ironiza sistema que gere o Or\u00e7amento do Estado"},"content":{"rendered":"<p class=\"category\"><a href=\"https:\/\/sicnoticias.pt\/pais\" rel=\"nofollow noopener\" target=\"_blank\">Pa\u00eds<\/a><\/p>\n<p class=\"g-article-lead lead\" data-field=\"lead\">Joaquim Miranda Sarmento diz que est\u00e1 a avan\u00e7ar uma transforma\u00e7\u00e3o tecnol\u00f3gica na administra\u00e7\u00e3o central. A despesa da administra\u00e7\u00e3o, que est\u00e1 espalhada por cerca de 800 entidades com 700 mil pessoas, &#8220;\u00e9 gerida, do ponto de vista tecnol\u00f3gico, com solu\u00e7\u00f5es que v\u00eam do final dos anos 90&#8221;, afirma o ministro das Finan\u00e7as.<\/p>\n<p><img decoding=\"async\" src=\"https:\/\/www.europesays.com\/pt\/wp-content\/uploads\/2026\/01\/1768419430_723_original.webp\" alt=\"Miranda Sarmento\"\/><\/p>\n<p>Miranda Sarmento<\/p>\n<p>ANT\u00d3NIO COTRIM<\/p>\n<p><strong>O ministro das Finan\u00e7as disse esta quarta-feira que est\u00e1 a avan\u00e7ar uma transforma\u00e7\u00e3o tecnol\u00f3gica na administra\u00e7\u00e3o central, ironizando que o sistema que gere o Or\u00e7amento do Estado \u00e9 como um &#8220;Excel dos Flintstones&#8221;.<\/strong><\/p>\n<p>Num almo\u00e7o-debate promovido pelo <a href=\"https:\/\/icpt.pt\/en\/\" target=\"_blank\" rel=\"noopener noreferrer nofollow\">International Club of Portugal<\/a>, realizado esta quarta-feira em Lisboa, Joaquim Miranda Sarmento foi questionado sobre o impacto que a tecnologia podia ter nos servi\u00e7os do Estado, ao que respondeu que o Governo est\u00e1 a avan\u00e7ar com a &#8220;transforma\u00e7\u00e3o do lado da despesa&#8221; no Minist\u00e9rio das Finan\u00e7as.<\/p>\n<p>A despesa da administra\u00e7\u00e3o central, que est\u00e1 espalhada por cerca de 800 entidades com 700 mil pessoas, &#8220;\u00e9 gerida, do ponto de vista tecnol\u00f3gico, com solu\u00e7\u00f5es que v\u00eam do final dos anos 90&#8221;, admitiu, apontando como exemplo o sistema que gere o Or\u00e7amento do Estado, que apelida de &#8220;Excel dos Flintstones&#8221;, numa refer\u00eancia a personagens da Idade da Pedra.<\/p>\n<blockquote>\n<p>&#8220;Estamos a fazer essa transforma\u00e7\u00e3o e se conseguirmos daqui a alguns anos ter n\u00edveis de efici\u00eancia e tecnol\u00f3gicos pr\u00f3ximos dos que a Autoridade Tribut\u00e1ria tem&#8221; iria permitir &#8220;melhores processos e decis\u00f5es&#8221;, salientou o ministro.<\/p>\n<\/blockquote>\n<p>O governante foi tamb\u00e9m questionado pelo engenheiro e ex-ministro Mira Amaral sobre a derrama estadual, ao que apontou que &#8220;a redu\u00e7\u00e3o da taxa de IRC de 21% para 17% em 2028 j\u00e1 faz com que taxa que as grandes empresas pagam s\u00f3 seja de 27%&#8221;, pelo que j\u00e1 est\u00e3o a &#8220;reduzir parte do problema&#8221;.<\/p>\n","protected":false},"excerpt":{"rendered":"Pa\u00eds Joaquim Miranda Sarmento diz que est\u00e1 a avan\u00e7ar uma transforma\u00e7\u00e3o tecnol\u00f3gica na administra\u00e7\u00e3o central. A despesa da&hellip;\n","protected":false},"author":2,"featured_media":228828,"comment_status":"","ping_status":"","sticky":false,"template":"","format":"standard","meta":{"footnotes":""},"categories":[10],"tags":[27,28,15,16,14,25,26,21,22,12,13,19,20,32,23,24,33,17,18,29,30,31],"class_list":{"0":"post-228827","1":"post","2":"type-post","3":"status-publish","4":"format-standard","5":"has-post-thumbnail","7":"category-portugal","8":"tag-breaking-news","9":"tag-breakingnews","10":"tag-featured-news","11":"tag-featurednews","12":"tag-headlines","13":"tag-latest-news","14":"tag-latestnews","15":"tag-main-news","16":"tag-mainnews","17":"tag-news","18":"tag-noticias","19":"tag-noticias-principais","20":"tag-noticiasprincipais","21":"tag-portugal","22":"tag-principais-noticias","23":"tag-principaisnoticias","24":"tag-pt","25":"tag-top-stories","26":"tag-topstories","27":"tag-ultimas","28":"tag-ultimas-noticias","29":"tag-ultimasnoticias"},"share_on_mastodon":{"url":"https:\/\/pubeurope.com\/@pt\/115895143227080806","error":""},"_links":{"self":[{"href":"https:\/\/www.europesays.com\/pt\/wp-json\/wp\/v2\/posts\/228827","targetHints":{"allow":["GET"]}}],"collection":[{"href":"https:\/\/www.europesays.com\/pt\/wp-json\/wp\/v2\/posts"}],"about":[{"href":"https:\/\/www.europesays.com\/pt\/wp-json\/wp\/v2\/types\/post"}],"author":[{"embeddable":true,"href":"https:\/\/www.europesays.com\/pt\/wp-json\/wp\/v2\/users\/2"}],"replies":[{"embeddable":true,"href":"https:\/\/www.europesays.com\/pt\/wp-json\/wp\/v2\/comments?post=228827"}],"version-history":[{"count":0,"href":"https:\/\/www.europesays.com\/pt\/wp-json\/wp\/v2\/posts\/228827\/revisions"}],"wp:featuredmedia":[{"embeddable":true,"href":"https:\/\/www.europesays.com\/pt\/wp-json\/wp\/v2\/media\/228828"}],"wp:attachment":[{"href":"https:\/\/www.europesays.com\/pt\/wp-json\/wp\/v2\/media?parent=228827"}],"wp:term":[{"taxonomy":"category","embeddable":true,"href":"https:\/\/www.europesays.com\/pt\/wp-json\/wp\/v2\/categories?post=228827"},{"taxonomy":"post_tag","embeddable":true,"href":"https:\/\/www.europesays.com\/pt\/wp-json\/wp\/v2\/tags?post=228827"}],"curies":[{"name":"wp","href":"https:\/\/api.w.org\/{rel}","templated":true}]}}