{"id":228831,"date":"2026-01-14T19:42:08","date_gmt":"2026-01-14T19:42:08","guid":{"rendered":"https:\/\/www.europesays.com\/pt\/228831\/"},"modified":"2026-01-14T19:42:08","modified_gmt":"2026-01-14T19:42:08","slug":"bolsa-familia-vira-alvo-de-polemica-no-bbb-e-governo-reage-nas-redes","status":"publish","type":"post","link":"https:\/\/www.europesays.com\/pt\/228831\/","title":{"rendered":"Bolsa Fam\u00edlia vira alvo de pol\u00eamica no BBB, e governo reage nas redes"},"content":{"rendered":"<p>O Governo Federal usou sua conta oficial na rede social X para esclarecer as regras do Bolsa Fam\u00edlia, ap\u00f3s uma declara\u00e7\u00e3o feita pela atriz Solange Couto durante o reality show Big Brother Brasil 26. A manifesta\u00e7\u00e3o ocorreu na ter\u00e7a-feira (13) e teve como objetivo corrigir interpreta\u00e7\u00f5es consideradas equivocadas sobre o funcionamento do programa social.<\/p>\n<p>Na publica\u00e7\u00e3o, o governo refor\u00e7ou que o Bolsa Fam\u00edlia n\u00e3o incentiva o abandono escolar e que a perman\u00eancia de crian\u00e7as e adolescentes na escola \u00e9 uma exig\u00eancia para o recebimento do benef\u00edcio. <\/p>\n<p> \u201cO BBB voltou e t\u00e1 na boca do povo. Mas ao contr\u00e1rio do que disseram no programa, o Bolsa Fam\u00edlia n\u00e3o tira ningu\u00e9m da escola. Na verdade, os filhos menores de 18 que n\u00e3o conclu\u00edram a educa\u00e7\u00e3o b\u00e1sica t\u00eam que estar matriculados e indo a 75% das aulas pro benef\u00edcio ser pago\u201d, informou o perfil oficial do Governo Federal.<\/p>\n<p class=\"py-2\">Continua depois da publicidade<\/p>\n<p>A rea\u00e7\u00e3o oficial veio ap\u00f3s coment\u00e1rios feitos por Solange Couto em conversa com outros participantes do programa. Sem citar nominalmente o Bolsa Fam\u00edlia, a atriz relatou um epis\u00f3dio que, segundo ela, teria presenciado, envolvendo uma adolescente e uma suposta autoridade p\u00fablica. No relato, a jovem teria manifestado o desejo de continuar os estudos, mas ouvido como resposta que seria \u201cmelhor ter filhos\u201d por conta de benef\u00edcios sociais.<\/p>\n<p>\u201cVi uma pessoa de poder no pa\u00eds, essa dist\u00e2ncia que a gente est\u00e1 da porta, uma garota dizendo assim: \u2018dona fulana, passei para a 5\u00aa s\u00e9rie, quero completar, aqui na cidade n\u00e3o tem\u2019. A pessoa virou e disse assim para a menina, que tinha 13 ou 14 anos, n\u00e3o vou dizer o nome do benef\u00edcio: \u2018Voc\u00ea tem benef\u00edcios? Porque \u00e9 melhor voc\u00ea ter filhos do que estudar\u2019\u201d, disse Solange durante o programa.<\/p>\n<p>Diante da incredulidade de outros participantes, Solange reiterou que o epis\u00f3dio teria ocorrido em sua presen\u00e7a e destacou o impacto negativo que esse tipo de orienta\u00e7\u00e3o pode ter sobre adolescentes que desejam estudar. A fala gerou repercuss\u00e3o nas redes sociais e levantou questionamentos sobre poss\u00edveis incentivos distorcidos associados a programas de transfer\u00eancia de renda.<\/p>\n<p>Ao se posicionar, o Governo Federal buscou afastar a associa\u00e7\u00e3o entre benef\u00edcios sociais e est\u00edmulo \u00e0 evas\u00e3o escolar. O esclarecimento destacou que a pol\u00edtica p\u00fablica est\u00e1 estruturada justamente para vincular o aux\u00edlio financeiro \u00e0 perman\u00eancia dos jovens na escola, condi\u00e7\u00e3o considerada central para a continuidade do programa e para a estrat\u00e9gia de redu\u00e7\u00e3o da pobreza no longo prazo.<\/p>\n","protected":false},"excerpt":{"rendered":"O Governo Federal usou sua conta oficial na rede social X para esclarecer as regras do Bolsa Fam\u00edlia,&hellip;\n","protected":false},"author":2,"featured_media":228832,"comment_status":"","ping_status":"","sticky":false,"template":"","format":"standard","meta":{"footnotes":""},"categories":[142],"tags":[2565,10220,114,115,8866,319,32,33,151],"class_list":{"0":"post-228831","1":"post","2":"type-post","3":"status-publish","4":"format-standard","5":"has-post-thumbnail","7":"category-tv","8":"tag-bbb","9":"tag-bolsa-familia","10":"tag-entertainment","11":"tag-entretenimento","12":"tag-governo-federal","13":"tag-hard-news","14":"tag-portugal","15":"tag-pt","16":"tag-tv"},"share_on_mastodon":{"url":"https:\/\/pubeurope.com\/@pt\/115895162803390571","error":""},"_links":{"self":[{"href":"https:\/\/www.europesays.com\/pt\/wp-json\/wp\/v2\/posts\/228831","targetHints":{"allow":["GET"]}}],"collection":[{"href":"https:\/\/www.europesays.com\/pt\/wp-json\/wp\/v2\/posts"}],"about":[{"href":"https:\/\/www.europesays.com\/pt\/wp-json\/wp\/v2\/types\/post"}],"author":[{"embeddable":true,"href":"https:\/\/www.europesays.com\/pt\/wp-json\/wp\/v2\/users\/2"}],"replies":[{"embeddable":true,"href":"https:\/\/www.europesays.com\/pt\/wp-json\/wp\/v2\/comments?post=228831"}],"version-history":[{"count":0,"href":"https:\/\/www.europesays.com\/pt\/wp-json\/wp\/v2\/posts\/228831\/revisions"}],"wp:featuredmedia":[{"embeddable":true,"href":"https:\/\/www.europesays.com\/pt\/wp-json\/wp\/v2\/media\/228832"}],"wp:attachment":[{"href":"https:\/\/www.europesays.com\/pt\/wp-json\/wp\/v2\/media?parent=228831"}],"wp:term":[{"taxonomy":"category","embeddable":true,"href":"https:\/\/www.europesays.com\/pt\/wp-json\/wp\/v2\/categories?post=228831"},{"taxonomy":"post_tag","embeddable":true,"href":"https:\/\/www.europesays.com\/pt\/wp-json\/wp\/v2\/tags?post=228831"}],"curies":[{"name":"wp","href":"https:\/\/api.w.org\/{rel}","templated":true}]}}