{"id":228835,"date":"2026-01-14T19:45:21","date_gmt":"2026-01-14T19:45:21","guid":{"rendered":"https:\/\/www.europesays.com\/pt\/228835\/"},"modified":"2026-01-14T19:45:21","modified_gmt":"2026-01-14T19:45:21","slug":"fim-de-semana-pode-trazer-novidades-no-sporting","status":"publish","type":"post","link":"https:\/\/www.europesays.com\/pt\/228835\/","title":{"rendered":"Fim de semana pode trazer novidades no Sporting"},"content":{"rendered":"<p>&#8211; Advertisement &#8211;<\/p>\n<p><strong>Ricardo Mangas e Salvador Blopa est\u00e3o no final da recupera\u00e7\u00e3o das respetivas les\u00f5es e devem voltar aos treinos.<\/strong><\/p>\n<p>Ricardo Mangas e Salvador Blopa encontra-se no final de recupera\u00e7\u00e3o das respetivas les\u00f5es. Os dois atletas sofreram les\u00f5es musculares, que os obrigaram a parar algumas semanas. Os jogadores devem ser reintegrados nos trabalhos do Sporting depois da partida contra o Casa Pia.<\/p>\n<p>Ricardo Mangas \u00e9 lateral esquerdo e chegou a Alvalade no ver\u00e3o. Tem sido um nome com v\u00e1rios minutos pelos le\u00f5es, apesar do habitual titular ser <a href=\"https:\/\/bolanarede.pt\/etiqueta\/maxi-araujo\/\" rel=\"nofollow noopener\" target=\"_blank\">Maxi Ara\u00fajo<\/a>. Na presente temporada leva 14 encontros, com dois golos marcados e duas assist\u00eancias. <\/p>\n<p>Salvador Blopa foi promovido em definitivo \u00e0 equipa principal, mas n\u00e3o conseguiu aproveitas as v\u00e1rias aus\u00eancias nas posi\u00e7\u00f5es de extremo, j\u00e1 que se encontrou igualmente lesionado. Em 2025\/26 leva seis partidas, dois tentos e uma assist\u00eancia.<\/p>\n","protected":false},"excerpt":{"rendered":"&#8211; Advertisement &#8211; Ricardo Mangas e Salvador Blopa est\u00e3o no final da recupera\u00e7\u00e3o das respetivas les\u00f5es e devem&hellip;\n","protected":false},"author":2,"featured_media":181595,"comment_status":"","ping_status":"","sticky":false,"template":"","format":"standard","meta":{"footnotes":""},"categories":[87],"tags":[260,135,32,479,33,2024,29845,34,134],"class_list":{"0":"post-228835","1":"post","2":"type-post","3":"status-publish","4":"format-standard","5":"has-post-thumbnail","7":"category-desporto","8":"tag-atualidade","9":"tag-desporto","10":"tag-portugal","11":"tag-primeira-liga","12":"tag-pt","13":"tag-ricardo-mangas","14":"tag-salvador-blopa","15":"tag-sporting","16":"tag-sports"},"share_on_mastodon":{"url":"https:\/\/pubeurope.com\/@pt\/115895174661507635","error":""},"_links":{"self":[{"href":"https:\/\/www.europesays.com\/pt\/wp-json\/wp\/v2\/posts\/228835","targetHints":{"allow":["GET"]}}],"collection":[{"href":"https:\/\/www.europesays.com\/pt\/wp-json\/wp\/v2\/posts"}],"about":[{"href":"https:\/\/www.europesays.com\/pt\/wp-json\/wp\/v2\/types\/post"}],"author":[{"embeddable":true,"href":"https:\/\/www.europesays.com\/pt\/wp-json\/wp\/v2\/users\/2"}],"replies":[{"embeddable":true,"href":"https:\/\/www.europesays.com\/pt\/wp-json\/wp\/v2\/comments?post=228835"}],"version-history":[{"count":0,"href":"https:\/\/www.europesays.com\/pt\/wp-json\/wp\/v2\/posts\/228835\/revisions"}],"wp:featuredmedia":[{"embeddable":true,"href":"https:\/\/www.europesays.com\/pt\/wp-json\/wp\/v2\/media\/181595"}],"wp:attachment":[{"href":"https:\/\/www.europesays.com\/pt\/wp-json\/wp\/v2\/media?parent=228835"}],"wp:term":[{"taxonomy":"category","embeddable":true,"href":"https:\/\/www.europesays.com\/pt\/wp-json\/wp\/v2\/categories?post=228835"},{"taxonomy":"post_tag","embeddable":true,"href":"https:\/\/www.europesays.com\/pt\/wp-json\/wp\/v2\/tags?post=228835"}],"curies":[{"name":"wp","href":"https:\/\/api.w.org\/{rel}","templated":true}]}}