{"id":228836,"date":"2026-01-14T19:46:07","date_gmt":"2026-01-14T19:46:07","guid":{"rendered":"https:\/\/www.europesays.com\/pt\/228836\/"},"modified":"2026-01-14T19:46:07","modified_gmt":"2026-01-14T19:46:07","slug":"secretaria-de-saude-incentiva-populacao","status":"publish","type":"post","link":"https:\/\/www.europesays.com\/pt\/228836\/","title":{"rendered":"Secretaria de Sa\u00fade incentiva popula\u00e7\u00e3o&#8230;"},"content":{"rendered":"<p>                                            O ano novo \u00e9 um momento que muitas pessoas aproveitam para organizar diversos aspectos da vida, iniciar novas metas e cuidar mais de si. E como os cuidados com a sa\u00fade n\u00e3o podem ficar para tr\u00e1s, pois nos garante uma maior qualidade de vida.<\/p>\n<p>A Prefeitura de Ourinhos, por meio da Secretaria Municipal de Sa\u00fade, refor\u00e7a o incentivo \u00e0 vacina\u00e7\u00e3o da popula\u00e7\u00e3o ao longo do primeiro trimestre, destacando a import\u00e2ncia da atualiza\u00e7\u00e3o da caderneta vacinal, especialmente neste per\u00edodo marcado por viagens e retorno \u00e0s aulas.<\/p>\n<p>Manter a vacina\u00e7\u00e3o em dia \u00e9 uma medida essencial de prote\u00e7\u00e3o individual e coletiva, prevenindo doen\u00e7as imunopreven\u00edveis e contribuindo para a redu\u00e7\u00e3o da circula\u00e7\u00e3o de v\u00edrus e bact\u00e9rias no munic\u00edpio.<\/p>\n<p>Entre as vacinas priorit\u00e1rias est\u00e3o as que protegem contra febre amarela, sarampo, caxumba, rub\u00e9ola, difteria e t\u00e9tano, indicadas para crian\u00e7as, adolescentes, adultos e idosos, conforme o calend\u00e1rio vacinal vigente.<\/p>\n<p>A campanha tamb\u00e9m contempla a vacina\u00e7\u00e3o contra a dengue, voltada a crian\u00e7as e adolescentes de 10 a 14 anos, seguindo as orienta\u00e7\u00f5es do Minist\u00e9rio da Sa\u00fade. O esquema prev\u00ea duas doses, com intervalo de 90 dias, sendo necess\u00e1rio aguardar seis meses ap\u00f3s a infec\u00e7\u00e3o para quem j\u00e1 teve a doen\u00e7a.<\/p>\n<p>Outro ponto importante \u00e9 a vacina\u00e7\u00e3o contra a bronquiolite, disponibilizada pelo SUS em Ourinhos desde dezembro, destinada a gestantes a partir de 28 semanas, com o objetivo de proteger o beb\u00ea nos primeiros meses de vida.<\/p>\n<p>Tamb\u00e9m merece destaque a vacina contra o HPV, a faixa et\u00e1ria foi ampliada para crian\u00e7as e adolescentes de 9 a 19 anos, com previs\u00e3o de manuten\u00e7\u00e3o at\u00e9 o final do primeiro semestre de 2026, sendo uma medida essencial na preven\u00e7\u00e3o de diferentes tipos de c\u00e2ncer associados ao v\u00edrus.<\/p>\n<p>As vacinas est\u00e3o dispon\u00edveis nas seguintes salas de vacina\u00e7\u00e3o do munic\u00edpio, de segunda a sexta-feira, das 9h \u00e0s 17h, com exce\u00e7\u00e3o do Centro de Sa\u00fade I, que conta com atendimento estendido at\u00e9 \u00e0s 20h:&#13;\n<\/p>\n<ul>&#13;<\/p>\n<li>Centro de Sa\u00fade I (Post\u00e3o)<\/li>\n<p>&#13;<\/p>\n<li>UBS CAIC<\/li>\n<p>&#13;<\/p>\n<li>UBS Cohab<\/li>\n<p>&#13;<\/p>\n<li>UBS Jardim Itamaraty<\/li>\n<p>&#13;<\/p>\n<li>UBS Parque Minas Gerais<\/li>\n<p>&#13;<\/p>\n<li>UBS Regi\u00e3o Oeste<\/li>\n<p>&#13;<\/p>\n<li>UBS Vila Brasil<\/li>\n<p>&#13;<\/p>\n<li>UBS Vila Margarida<\/li>\n<p>&#13;<\/p>\n<li>UBS Vila Odilon<\/li>\n<p>&#13;<\/p>\n<li>UBS Vila S\u00e3o Luiz<\/li>\n<p>&#13;\n<\/ul>\n<p>A Secretaria Municipal de Sa\u00fade orienta que a popula\u00e7\u00e3o procure a sala de vacina\u00e7\u00e3o mais pr\u00f3xima, levando a caderneta de vacina\u00e7\u00e3o e documento de identifica\u00e7\u00e3o com CPF, para avalia\u00e7\u00e3o e atualiza\u00e7\u00e3o das doses necess\u00e1rias.<\/p>\n<p>Vacinar \u00e9 um ato de cuidado, responsabilidade e compromisso com a sa\u00fade de todos.                                        <\/p>\n","protected":false},"excerpt":{"rendered":"O ano novo \u00e9 um momento que muitas pessoas aproveitam para organizar diversos aspectos da vida, iniciar novas&hellip;\n","protected":false},"author":2,"featured_media":228837,"comment_status":"","ping_status":"","sticky":false,"template":"","format":"standard","meta":{"footnotes":""},"categories":[86],"tags":[116,32,33,117],"class_list":{"0":"post-228836","1":"post","2":"type-post","3":"status-publish","4":"format-standard","5":"has-post-thumbnail","7":"category-saude","8":"tag-health","9":"tag-portugal","10":"tag-pt","11":"tag-saude"},"share_on_mastodon":{"url":"https:\/\/pubeurope.com\/@pt\/115895178525709474","error":""},"_links":{"self":[{"href":"https:\/\/www.europesays.com\/pt\/wp-json\/wp\/v2\/posts\/228836","targetHints":{"allow":["GET"]}}],"collection":[{"href":"https:\/\/www.europesays.com\/pt\/wp-json\/wp\/v2\/posts"}],"about":[{"href":"https:\/\/www.europesays.com\/pt\/wp-json\/wp\/v2\/types\/post"}],"author":[{"embeddable":true,"href":"https:\/\/www.europesays.com\/pt\/wp-json\/wp\/v2\/users\/2"}],"replies":[{"embeddable":true,"href":"https:\/\/www.europesays.com\/pt\/wp-json\/wp\/v2\/comments?post=228836"}],"version-history":[{"count":0,"href":"https:\/\/www.europesays.com\/pt\/wp-json\/wp\/v2\/posts\/228836\/revisions"}],"wp:featuredmedia":[{"embeddable":true,"href":"https:\/\/www.europesays.com\/pt\/wp-json\/wp\/v2\/media\/228837"}],"wp:attachment":[{"href":"https:\/\/www.europesays.com\/pt\/wp-json\/wp\/v2\/media?parent=228836"}],"wp:term":[{"taxonomy":"category","embeddable":true,"href":"https:\/\/www.europesays.com\/pt\/wp-json\/wp\/v2\/categories?post=228836"},{"taxonomy":"post_tag","embeddable":true,"href":"https:\/\/www.europesays.com\/pt\/wp-json\/wp\/v2\/tags?post=228836"}],"curies":[{"name":"wp","href":"https:\/\/api.w.org\/{rel}","templated":true}]}}