{"id":228848,"date":"2026-01-14T19:56:08","date_gmt":"2026-01-14T19:56:08","guid":{"rendered":"https:\/\/www.europesays.com\/pt\/228848\/"},"modified":"2026-01-14T19:56:08","modified_gmt":"2026-01-14T19:56:08","slug":"coracao-acelerado-flashback-mostra-separacao-traumatica-entre-janete-e-alaorzinho-gshow","status":"publish","type":"post","link":"https:\/\/www.europesays.com\/pt\/228848\/","title":{"rendered":"Cora\u00e7\u00e3o Acelerado: flashback mostra separa\u00e7\u00e3o traum\u00e1tica entre Janete e Alaorzinho &#8211; Gshow"},"content":{"rendered":"<ol>\n<li><a href=\"https:\/\/news.google.com\/rss\/articles\/CBMi3gFBVV95cUxNUjZBVWhjSGF0b0xzODFmTzdZM0RYNF9DZVNwclN3aTFjT0ZoZmNfVEh5Ty1wVHNWUFNKM1ZSTWc0LUxnVDItSGoxWEhTSWNabWZneGY1Ql8wd3NVNWp3S1Nuc0o0TnZBOTZvSFNIOVc1YkQxUy1USkdWVEszcWl2ejBJZWlmMVlNdEZlNTBsNkVFcGZGaFY5OTNodnBLYnNDYmIxQUpncDlpYmF0QmhkdDRGeHprVEhGbnBQekgtMTREZFM3MVlJajZxcUVWbU9WV3I5ZXFBMEtLd09aQUE?oc=5\" target=\"_blank\" rel=\"nofollow noopener\">Cora\u00e7\u00e3o Acelerado: flashback mostra separa\u00e7\u00e3o traum\u00e1tica entre Janete e Alaorzinho<\/a>&nbsp;&nbsp;Gshow<\/li>\n<li><a href=\"https:\/\/news.google.com\/rss\/articles\/CBMi6gFBVV95cUxOd1h4ZGwwYkxXVEdMMnVfUjhjbWdad04tWV9yY1pISW1IbXlHOWxiV1MtNzV5dEtpRWZDNnMxbU9nZzEzLURnaHFQZnd2YWplNnNZdFFGenh0NjBUNU9pRHBCY0VJajdzZlcwMXg0TW5vd2hyOUJLd2lnT0hucFJucWtHZFNqcGRENTFzQVhKeEFncTBDS1NhbkNkZUpHejJoUVFKTlpJc1lGQlpLMmRiTF81MmZ1UFNZdnMtRjhxU3FFNWxqbFRRREVRZHNmZXRObmhIRUZNc0FLVmQ1c2F4VTZaTExIMUhLUmc?oc=5\" target=\"_blank\" rel=\"nofollow noopener\">V\u00eddeos do cap\u00edtulo de &#8216;Cora\u00e7\u00e3o Acelerado&#8217; de segunda-feira, 12 de janeiro de 2026<\/a>&nbsp;&nbsp;Gshow<\/li>\n<li><a href=\"https:\/\/news.google.com\/rss\/articles\/CBMitgFBVV95cUxQX2NxbE84R1ByLVM5NDdncjJhR0lickZrbzZiVzJaaHNLRENNS2VBYmQwYWdvcHlIeS1nc1VBRHBKMHdEdVJGTjNKdzlZdnN6TGk2SklRY2hudjVhcTdSTWtZNy1JMElITnlzN1Jic0N6b1hZVk14SGVJQkhLa1QxeGZlRDR6c1N0ZDhrMkc4c09pNk40dHZseVBpckp0YWtGM2FISFoxQXBXOG5hUFJEYlVBTV9aUdIBuwFBVV95cUxQVm0xektkZVRCTlg0OWdOV3cwWnRjX2hqQVJoTXFnb3BkQnpfaFc1STZqRC1fblV6MjlRWHZtQU54Qks4NGlETkY0N3FScUxYamZLaFh2RGJjYXd3azlvcGswNjBZU0pack80YXMyVExKRHJqSWZyaFVQUnhUU05JdUVBTnFoLVhUSGMwZmpRZGt5dmNDOXZIXzNfZjVTcmtJbDhyYUZfN1BqclVZalpvWEw4M0g2TjVjYldJ?oc=5\" target=\"_blank\" rel=\"nofollow noopener\">Cora\u00e7\u00e3o Acelerado: Agrado pode ser irm\u00e3 de Naiane; entenda<\/a>&nbsp;&nbsp;NaTelinha<\/li>\n<li><a href=\"https:\/\/news.google.com\/rss\/articles\/CBMi8wFBVV95cUxQYnlsUTJCM0tMVG1fQlBTZVFHUDQwVV9lT2JVbDRFZTQxejNvanBzZDBzYWFSUXNVNnpjZEdTTGM3U2d6eDR2VUlXNWhfT3JkRG0zYlJIamw0WldxMEctcUZFS1F1MUs0aDVKWVVPRC1sTGlnYXV2czNCNGpjOTAwT2I5VG9fNEJzUXJvcjdYVUtmRzYzT2dQem9jd0NqVmt5MGhiWlJrZHAtbUxscnY4WkZaa1BtLWlGWkk4Y2k5RE1VUFpIb1JwXzVsczBQdHVub0tzbnZBSUJheVFqTngtTmZ0RDBGaFlDZ0dGYXFzaVBOUEU?oc=5\" target=\"_blank\" rel=\"nofollow noopener\">Janete esconde passado traum\u00e1tico em &#8216;Cora\u00e7\u00e3o Acelerado&#8217;; saiba a verdade<\/a>&nbsp;&nbsp;Terra<\/li>\n<li><a href=\"https:\/\/news.google.com\/rss\/articles\/CBMizAFBVV95cUxQbUFUa3AyMk1yR3BRbVBGR3FIRS0xVzY1RnFfVC0xTld2MlZyMFlCRXhRaHlERTFRR1ZrV1pDRnhfUVBTamE1QnRCTkNfeXdMcDBrMTRiT2xnUllrczl6T1UyelY3bXJ0ZjdWVUZuZGUzUnJHMHRmZkhRZE05MGk2anhWRldrbjVxcFZfNlM4dkV1cDllY2JtVW80MmlrMUI4S041OXpGWkJJM2VMR3hlNEg0U3R1YThoX1loWjJGbExLbTNMV3FFTU55WDXSAdIBQVVfeXFMTlEzUmhwamlrTDN2S2M1S2ZVSi1BOUtNejBtNml1d2YzZHp4SzZfeGFoN1pkNWVCNkRnektSQzY4NnNIMXdwaW1SZ2paeXJwWURLR3JSQ3ExRVRvX1NFSHBtaGlNNFpEeUZFTHFkWnRGTzZ1eU9wVElIMmZqdDFhMDc0OGtMOWpXMkRLbHVyb1lCZ3lCdlFWVTltY2ZiTjNBVFd2Skt4WmJQV0ZXWGQ3M2h3MTAwekwzTHhNM3VZS2NMM2RNV3lNSllSZmJKWmFpN0x3?oc=5\" target=\"_blank\" rel=\"nofollow noopener\">\u201cCora\u00e7\u00e3o Acelerado\u201d aposta em flashbacks para revelar passado traum\u00e1tico de Janete<\/a>&nbsp;&nbsp;Portal Leo Dias<\/li>\n<\/ol>\n","protected":false},"excerpt":{"rendered":"Cora\u00e7\u00e3o Acelerado: flashback mostra separa\u00e7\u00e3o traum\u00e1tica entre Janete e Alaorzinho&nbsp;&nbsp;Gshow V\u00eddeos do cap\u00edtulo de &#8216;Cora\u00e7\u00e3o Acelerado&#8217; de segunda-feira,&hellip;\n","protected":false},"author":2,"featured_media":228849,"comment_status":"","ping_status":"","sticky":false,"template":"","format":"standard","meta":{"footnotes":""},"categories":[142],"tags":[114,115,32,33,151],"class_list":{"0":"post-228848","1":"post","2":"type-post","3":"status-publish","4":"format-standard","5":"has-post-thumbnail","7":"category-tv","8":"tag-entertainment","9":"tag-entretenimento","10":"tag-portugal","11":"tag-pt","12":"tag-tv"},"share_on_mastodon":{"url":"https:\/\/pubeurope.com\/@pt\/115895217879976831","error":""},"_links":{"self":[{"href":"https:\/\/www.europesays.com\/pt\/wp-json\/wp\/v2\/posts\/228848","targetHints":{"allow":["GET"]}}],"collection":[{"href":"https:\/\/www.europesays.com\/pt\/wp-json\/wp\/v2\/posts"}],"about":[{"href":"https:\/\/www.europesays.com\/pt\/wp-json\/wp\/v2\/types\/post"}],"author":[{"embeddable":true,"href":"https:\/\/www.europesays.com\/pt\/wp-json\/wp\/v2\/users\/2"}],"replies":[{"embeddable":true,"href":"https:\/\/www.europesays.com\/pt\/wp-json\/wp\/v2\/comments?post=228848"}],"version-history":[{"count":0,"href":"https:\/\/www.europesays.com\/pt\/wp-json\/wp\/v2\/posts\/228848\/revisions"}],"wp:featuredmedia":[{"embeddable":true,"href":"https:\/\/www.europesays.com\/pt\/wp-json\/wp\/v2\/media\/228849"}],"wp:attachment":[{"href":"https:\/\/www.europesays.com\/pt\/wp-json\/wp\/v2\/media?parent=228848"}],"wp:term":[{"taxonomy":"category","embeddable":true,"href":"https:\/\/www.europesays.com\/pt\/wp-json\/wp\/v2\/categories?post=228848"},{"taxonomy":"post_tag","embeddable":true,"href":"https:\/\/www.europesays.com\/pt\/wp-json\/wp\/v2\/tags?post=228848"}],"curies":[{"name":"wp","href":"https:\/\/api.w.org\/{rel}","templated":true}]}}