{"id":228857,"date":"2026-01-14T20:02:10","date_gmt":"2026-01-14T20:02:10","guid":{"rendered":"https:\/\/www.europesays.com\/pt\/228857\/"},"modified":"2026-01-14T20:02:10","modified_gmt":"2026-01-14T20:02:10","slug":"a-nova-suite-da-apple-que-desafia-diretamente-a-adobe","status":"publish","type":"post","link":"https:\/\/www.europesays.com\/pt\/228857\/","title":{"rendered":"a nova suite da Apple que desafia diretamente a Adobe"},"content":{"rendered":"<p>A Apple est\u00e1 agitar o mundo da cria\u00e7\u00e3o digital, com o lan\u00e7amento do Creator Studio, um software que re\u00fane v\u00e1rias das suas aplica\u00e7\u00f5es profissionais numa \u00fanica subscri\u00e7\u00e3o. A nova suite promete facilitar a vida a criadores de v\u00eddeo, m\u00fasica e imagem, ao mesmo tempo que refor\u00e7a o ecossistema da marca com ferramentas avan\u00e7adas e novas funcionalidades inteligentes.<\/p>\n<p><a target=\"_blank\" href=\"https:\/\/pplware.sapo.pt\/wp-content\/uploads\/2026\/01\/apple_creator_studio6.jpg\" onclick=\"refreshIframe()\" class=\"foobox\" rel=\"nofollow noopener\"><img fetchpriority=\"high\" decoding=\"async\" src=\"https:\/\/www.europesays.com\/pt\/wp-content\/uploads\/2026\/01\/apple_creator_studio6-720x405.jpg\" alt=\"Apple Creator Studio\" width=\"720\" height=\"405\" class=\"aligncenter size-medium wp-image-1098142\"  \/><\/a>\n<\/p>\n<p>Numa tentativa clara de atrair criadores de todos os n\u00edveis e afirmar-se como uma alternativa cada vez mais s\u00f3lida \u00e0s plataformas criativas dominantes, como a Adobe, a <a target=\"_blank\" href=\"https:\/\/pplware.sapo.pt\/category\/apple\/\" rel=\"nofollow noopener\">Apple<\/a> anunciou recentemente o Creator Studio, um novo servi\u00e7o de software focado em criadores de conte\u00fado e profissionais criativos.<\/p>\n<p>Trata-se de uma assinatura que agrupa v\u00e1rias aplica\u00e7\u00f5es avan\u00e7adas de cria\u00e7\u00e3o e, tamb\u00e9m, adiciona funcionalidades inteligentes e conte\u00fados premium \u00e0s ferramentas de produtividade da empresa de Cupertino.<\/p>\n<p>Se para muitos o software da Apple \u00e9 j\u00e1 ideal para edi\u00e7\u00e3o de imagem, v\u00eddeo e \u00e1udio, esta colet\u00e2nea poder\u00e1 elevar a presen\u00e7a da empresa a outro n\u00edvel.<\/p>\n<blockquote class=\"tw-align-center twitter-tweet\" data-media-max-width=\"720\">\n<p lang=\"en\" dir=\"ltr\">Apple introduced Apple Creator Studio <a target=\"_blank\" href=\"https:\/\/t.co\/Ml0KHdFpzn\" rel=\"nofollow\">pic.twitter.com\/Ml0KHdFpzn<\/a><\/p>\n<p>\u2014 Andreas Storm (@avstorm) <a target=\"_blank\" href=\"https:\/\/twitter.com\/avstorm\/status\/2011079381746340250?ref_src=twsrc%5Etfw\" rel=\"nofollow noopener\">January 13, 2026<\/a><\/p>\n<\/blockquote>\n<p>Pre\u00e7o reduzido para rivalizar com a oferta j\u00e1 estabelecida<\/p>\n<p>Conforme partilhado pela pr\u00f3pria Apple, num <a target=\"_blank\" href=\"https:\/\/www.apple.com\/pt\/newsroom\/2026\/01\/introducing-apple-creator-studio-an-inspiring-collection-of-creative-apps\/\" rel=\"nofollow noopener\">comunicado oficial<\/a>, uma assinatura mensal ou anual d\u00e1 acesso a um conjunto de aplica\u00e7\u00f5es criativas poderosas que normalmente s\u00e3o disponibilizadas separadamente ou atrav\u00e9s de compra \u00fanica.<\/p>\n<p>O servi\u00e7o ser\u00e1 lan\u00e7ado na App Store, no dia 28 de janeiro de 2026, com um teste gratuito de um m\u00eas para novos assinantes. \u00c0 semelhan\u00e7a de outras suites, h\u00e1 pre\u00e7os reduzidos para estudantes e educadores.<\/p>\n<dl class=\"gallery-item\">\n<dt class=\"gallery-icon landscape\">\n\t\t\t\t<a data-attachment-id=\"1098147\" href=\"https:\/\/pplware.sapo.pt\/wp-content\/uploads\/2026\/01\/apple_creator_studio5.jpg\" rel=\"nofollow noopener\" target=\"_blank\"><img loading=\"lazy\" decoding=\"async\" width=\"720\" height=\"544\" src=\"https:\/\/www.europesays.com\/pt\/wp-content\/uploads\/2026\/01\/apple_creator_studio5-720x544.jpg\" class=\"attachment-medium size-medium\" alt=\"\"  \/><\/a>\n\t\t\t<\/dt>\n<\/dl>\n<dl class=\"gallery-item\">\n<dt class=\"gallery-icon landscape\">\n\t\t\t\t<a data-attachment-id=\"1098146\" href=\"https:\/\/pplware.sapo.pt\/wp-content\/uploads\/2026\/01\/apple_creator_studio4.jpg\" rel=\"nofollow noopener\" target=\"_blank\"><img loading=\"lazy\" decoding=\"async\" width=\"720\" height=\"544\" src=\"https:\/\/www.europesays.com\/pt\/wp-content\/uploads\/2026\/01\/apple_creator_studio4-720x544.jpg\" class=\"attachment-medium size-medium\" alt=\"\"  \/><\/a>\n\t\t\t<\/dt>\n<\/dl>\n<p><br style=\"clear: both\"\/><\/p>\n<p>O Apple Creator Studio chegar\u00e1 ao mercado com um custo de 12,99 d\u00f3lares por m\u00eas ou 129 d\u00f3lares por ano. Ainda que o pre\u00e7o em euros n\u00e3o tenha sido oficializado, estes valores seriam o equivalente a pouco mais de 11 euros e de 110 euros, respetivamente.<\/p>\n<p>Para o setor da educa\u00e7\u00e3o, incluindo estudantes universit\u00e1rios e professores, a Apple prop\u00f5e um valor reduzido de 2,99 d\u00f3lares por m\u00eas ou 29,99 d\u00f3lares anuais (o equivalente a pouco mais de 2,50 euros e de 25 euros, respetivamente).<\/p>\n<p>Ao contr\u00e1rio do modelo de alguns concorrentes a quem a Apple procura fazer frente, a empresa mant\u00e9m a op\u00e7\u00e3o de compra \u00fanica para os utilizadores que n\u00e3o querem subscrever a suite com todas as aplica\u00e7\u00f5es.<\/p>\n<dl class=\"gallery-item\">\n<dt class=\"gallery-icon landscape\">\n\t\t\t\t<a data-attachment-id=\"1098145\" href=\"https:\/\/pplware.sapo.pt\/wp-content\/uploads\/2026\/01\/apple_creator_studio3.jpg\" rel=\"nofollow noopener\" target=\"_blank\"><img loading=\"lazy\" decoding=\"async\" width=\"720\" height=\"517\" src=\"https:\/\/www.europesays.com\/pt\/wp-content\/uploads\/2026\/01\/apple_creator_studio3-720x517.jpg\" class=\"attachment-medium size-medium\" alt=\"\"  \/><\/a>\n\t\t\t<\/dt>\n<\/dl>\n<dl class=\"gallery-item\">\n<dt class=\"gallery-icon landscape\">\n\t\t\t\t<a data-attachment-id=\"1098144\" href=\"https:\/\/pplware.sapo.pt\/wp-content\/uploads\/2026\/01\/apple_creator_studio2.jpg\" rel=\"nofollow noopener\" target=\"_blank\"><img loading=\"lazy\" decoding=\"async\" width=\"720\" height=\"517\" src=\"https:\/\/www.europesays.com\/pt\/wp-content\/uploads\/2026\/01\/apple_creator_studio2-720x517.jpg\" class=\"attachment-medium size-medium\" alt=\"\"  \/><\/a>\n\t\t\t<\/dt>\n<\/dl>\n<p><br style=\"clear: both\"\/><\/p>\n<p>Aplica\u00e7\u00f5es potencializadas com IA<\/p>\n<p>Atrav\u00e9s do Creator Studio, a Apple disponibiliza uma s\u00e9rie de aplica\u00e7\u00f5es para Mac e, quando aplic\u00e1vel, para iPad, nomeadamente:<\/p>\n<ul>\n<li>Final Cut Pro para edi\u00e7\u00e3o de v\u00eddeo;<\/li>\n<li>Logic Pro para cria\u00e7\u00e3o musical;<\/li>\n<li>Pixelmator Pro para edi\u00e7\u00e3o de imagens e design;<\/li>\n<li>Motion para gr\u00e1ficos em movimento;<\/li>\n<li>Compressor para ajustes de codifica\u00e7\u00e3o de v\u00eddeo;<\/li>\n<li>MainStage para atua\u00e7\u00f5es ao vivo e processamento de \u00e1udio.<\/li>\n<\/ul>\n<p>Al\u00e9m das aplica\u00e7\u00f5es profissionais, o Creator Studio desbloqueia novos recursos baseados em Intelig\u00eancia Artificial (IA), bem como conte\u00fados de alta qualidade para as apps de produtividade da Apple como Keynote, Pages, Numbers e Freeform.<\/p>\n<p>Esta adi\u00e7\u00e3o pode incluir gera\u00e7\u00e3o de slides a partir de texto, modelos premium, biblioteca de imagens e outros recursos que ampliam o potencial das ferramentas.<\/p>\n<p><a target=\"_blank\" href=\"https:\/\/pplware.sapo.pt\/wp-content\/uploads\/2026\/01\/Captura-de-ecra\u0303-2026-01-14-a\u0300s-10.17.03.jpg\" onclick=\"refreshIframe()\" class=\"foobox\" rel=\"nofollow noopener\"><img loading=\"lazy\" decoding=\"async\" src=\"https:\/\/www.europesays.com\/pt\/wp-content\/uploads\/2026\/01\/Captura-de-ecra\u0303-2026-01-14-a\u0300s-10.17.03-720x398.jpg\" alt=\"Apple Creator Studio\" width=\"720\" height=\"398\" class=\"aligncenter size-medium wp-image-1098143\"  \/><\/a><\/p>\n<p>Apple aproxima-se dos criativos<\/p>\n<p>Este lan\u00e7amento representa um movimento arrojado para o modelo de assinatura de software criativo, tornando mais acess\u00edveis ferramentas anteriormente associadas a compras \u00fanicas ou mais caras.<\/p>\n<p>Esta suite da Apple \u00e9 considerada concorrente direta da <a target=\"_blank\" href=\"https:\/\/pplware.sapo.pt\/tag\/adobe\/\" rel=\"nofollow noopener\">Adobe<\/a> Creative Cloud, oferecendo um pacote de ferramentas profissionais por um pre\u00e7o mensal mais baixo.<\/p>\n<p>Ap\u00f3s o lan\u00e7amento, importar\u00e1 perceber se os criativos v\u00e3o aderir e se a oferta ir\u00e1 ao encontro das suas necessidades reais.<\/p>\n<p>\t\t\t\t\t\t<script async src=\"https:\/\/platform.twitter.com\/widgets.js\" charset=\"utf-8\"><\/script><\/p>\n","protected":false},"excerpt":{"rendered":"A Apple est\u00e1 agitar o mundo da cria\u00e7\u00e3o digital, com o lan\u00e7amento do Creator Studio, um software que&hellip;\n","protected":false},"author":2,"featured_media":228858,"comment_status":"","ping_status":"","sticky":false,"template":"","format":"standard","meta":{"footnotes":""},"categories":[84],"tags":[2845,247,43967,109,107,108,32,33,105,103,104,5576,106,110],"class_list":{"0":"post-228857","1":"post","2":"type-post","3":"status-publish","4":"format-standard","5":"has-post-thumbnail","7":"category-ciencia-e-tecnologia","8":"tag-edicao","9":"tag-apple","10":"tag-apple-creator-studio","11":"tag-ciencia","12":"tag-ciencia-e-tecnologia","13":"tag-cienciaetecnologia","14":"tag-portugal","15":"tag-pt","16":"tag-science","17":"tag-science-and-technology","18":"tag-scienceandtechnology","19":"tag-suite","20":"tag-technology","21":"tag-tecnologia"},"share_on_mastodon":{"url":"https:\/\/pubeurope.com\/@pt\/115895241578343572","error":""},"_links":{"self":[{"href":"https:\/\/www.europesays.com\/pt\/wp-json\/wp\/v2\/posts\/228857","targetHints":{"allow":["GET"]}}],"collection":[{"href":"https:\/\/www.europesays.com\/pt\/wp-json\/wp\/v2\/posts"}],"about":[{"href":"https:\/\/www.europesays.com\/pt\/wp-json\/wp\/v2\/types\/post"}],"author":[{"embeddable":true,"href":"https:\/\/www.europesays.com\/pt\/wp-json\/wp\/v2\/users\/2"}],"replies":[{"embeddable":true,"href":"https:\/\/www.europesays.com\/pt\/wp-json\/wp\/v2\/comments?post=228857"}],"version-history":[{"count":0,"href":"https:\/\/www.europesays.com\/pt\/wp-json\/wp\/v2\/posts\/228857\/revisions"}],"wp:featuredmedia":[{"embeddable":true,"href":"https:\/\/www.europesays.com\/pt\/wp-json\/wp\/v2\/media\/228858"}],"wp:attachment":[{"href":"https:\/\/www.europesays.com\/pt\/wp-json\/wp\/v2\/media?parent=228857"}],"wp:term":[{"taxonomy":"category","embeddable":true,"href":"https:\/\/www.europesays.com\/pt\/wp-json\/wp\/v2\/categories?post=228857"},{"taxonomy":"post_tag","embeddable":true,"href":"https:\/\/www.europesays.com\/pt\/wp-json\/wp\/v2\/tags?post=228857"}],"curies":[{"name":"wp","href":"https:\/\/api.w.org\/{rel}","templated":true}]}}