{"id":228859,"date":"2026-01-14T20:03:20","date_gmt":"2026-01-14T20:03:20","guid":{"rendered":"https:\/\/www.europesays.com\/pt\/228859\/"},"modified":"2026-01-14T20:03:20","modified_gmt":"2026-01-14T20:03:20","slug":"governo-comeca-a-preparar-expansao-do-aeroporto-do-porto","status":"publish","type":"post","link":"https:\/\/www.europesays.com\/pt\/228859\/","title":{"rendered":"Governo come\u00e7a a preparar expans\u00e3o do aeroporto do Porto"},"content":{"rendered":"<p data-remotead-prev-elm=\"true\" data-remotead-elm-id=\"inread\">A expans\u00e3o do aeroporto tem vindo a ser reclamada pelo setor do turismo, mas em abril passado, questionado pelo JN, o Governo admitia que a ambicionada constru\u00e7\u00e3o de uma segunda pista n\u00e3o estava nos planos de investimento previstos para os pr\u00f3ximos anos. Contudo, anteontem, o ministro das Infraestruturas adiantou que o Governo pretende constituir um grupo de trabalho para analisar a futura expans\u00e3o do S\u00e1 Carneiro. &#8220;Se n\u00e3o come\u00e7armos a desenhar esta expans\u00e3o , de certeza que vamos criar injusti\u00e7as estruturais, iniquidades, incapacidade de podermos ter o territ\u00f3rio alinhado com o crescimento. E hoje temos esse problema em Lisboa. Temos o problema do ru\u00eddo e o problema daqueles que n\u00e3o querem mais tr\u00e1fego no Humberto Delgado&#8221;, afirmou Miguel Pinto Luz, no \u00e2mbito da apresenta\u00e7\u00e3o do novo projeto da TAP.<\/p>\n","protected":false},"excerpt":{"rendered":"A expans\u00e3o do aeroporto tem vindo a ser reclamada pelo setor do turismo, mas em abril passado, questionado&hellip;\n","protected":false},"author":2,"featured_media":228860,"comment_status":"","ping_status":"","sticky":false,"template":"","format":"standard","meta":{"footnotes":""},"categories":[83],"tags":[28288,88,20018,89,90,301,18650,32,33,2549],"class_list":{"0":"post-228859","1":"post","2":"type-post","3":"status-publish","4":"format-standard","5":"has-post-thumbnail","7":"category-empresas","8":"tag-aeroporto-francisco-sa-carneiro","9":"tag-business","10":"tag-concelho-porto","11":"tag-economy","12":"tag-empresas","13":"tag-governo","14":"tag-ministerio-das-infraestruturas","15":"tag-portugal","16":"tag-pt","17":"tag-tap-air-portugal"},"share_on_mastodon":{"url":"https:\/\/pubeurope.com\/@pt\/115895245430237280","error":""},"_links":{"self":[{"href":"https:\/\/www.europesays.com\/pt\/wp-json\/wp\/v2\/posts\/228859","targetHints":{"allow":["GET"]}}],"collection":[{"href":"https:\/\/www.europesays.com\/pt\/wp-json\/wp\/v2\/posts"}],"about":[{"href":"https:\/\/www.europesays.com\/pt\/wp-json\/wp\/v2\/types\/post"}],"author":[{"embeddable":true,"href":"https:\/\/www.europesays.com\/pt\/wp-json\/wp\/v2\/users\/2"}],"replies":[{"embeddable":true,"href":"https:\/\/www.europesays.com\/pt\/wp-json\/wp\/v2\/comments?post=228859"}],"version-history":[{"count":0,"href":"https:\/\/www.europesays.com\/pt\/wp-json\/wp\/v2\/posts\/228859\/revisions"}],"wp:featuredmedia":[{"embeddable":true,"href":"https:\/\/www.europesays.com\/pt\/wp-json\/wp\/v2\/media\/228860"}],"wp:attachment":[{"href":"https:\/\/www.europesays.com\/pt\/wp-json\/wp\/v2\/media?parent=228859"}],"wp:term":[{"taxonomy":"category","embeddable":true,"href":"https:\/\/www.europesays.com\/pt\/wp-json\/wp\/v2\/categories?post=228859"},{"taxonomy":"post_tag","embeddable":true,"href":"https:\/\/www.europesays.com\/pt\/wp-json\/wp\/v2\/tags?post=228859"}],"curies":[{"name":"wp","href":"https:\/\/api.w.org\/{rel}","templated":true}]}}