{"id":228866,"date":"2026-01-14T20:07:07","date_gmt":"2026-01-14T20:07:07","guid":{"rendered":"https:\/\/www.europesays.com\/pt\/228866\/"},"modified":"2026-01-14T20:07:07","modified_gmt":"2026-01-14T20:07:07","slug":"calor-pode-explicar-convulsao-de-henri-castelli-no-bbb-14-01-2026-equilibrio-e-saude","status":"publish","type":"post","link":"https:\/\/www.europesays.com\/pt\/228866\/","title":{"rendered":"Calor pode explicar convuls\u00e3o de Henri Castelli no BBB &#8211; 14\/01\/2026 &#8211; Equil\u00edbrio e Sa\u00fade"},"content":{"rendered":"<p>O ator <a href=\"https:\/\/www1.folha.uol.com.br\/folha-topicos\/henri-castelli\/\" rel=\"nofollow noopener\" target=\"_blank\">Henri Castelli<\/a>, 47, foi levado a um hospital na Barra da Tijuca, no Rio de Janeiro, na manh\u00e3 desta quarta-feira (14), <a href=\"https:\/\/f5.folha.uol.com.br\/televisao\/bbb26\/2026\/01\/bbb-26-henri-castelli-tem-convulsao-na-prova-do-lider-e-e-atendido-por-medicos.shtml\" rel=\"nofollow noopener\" target=\"\">ap\u00f3s sofrer uma convuls\u00e3o <\/a>durante uma prova de resist\u00eancia no <a href=\"https:\/\/www1.folha.uol.com.br\/folha-topicos\/bbb\/\" rel=\"nofollow noopener\" target=\"_blank\">BBB<\/a> 26. Especialistas ouvidos pela <strong>Folha <\/strong>afirmam que crises convulsivas podem ter diferentes causas, mas que <a href=\"https:\/\/www1.folha.uol.com.br\/equilibrio\/2022\/12\/desidratacao-extrema-e-risco-em-dias-quentes-e-pode-levar-a-convulsoes.shtml\" rel=\"nofollow noopener\" target=\"\">calor intenso, falta de sono e desidrata\u00e7\u00e3o s\u00e3o gatilhos para o quadro<\/a>.<\/p>\n<p>Ap\u00f3s retornar \u00e0 casa do BBB, <a href=\"https:\/\/f5.folha.uol.com.br\/televisao\/bbb26\/2026\/01\/bbb-26-henri-castelli-passa-mal-de-novo-e-assusta-participantes.shtml\" rel=\"nofollow noopener\" target=\"\">Castelli caiu no gramado enquanto falava com os colegas e foi novamente socorrido pela equipe m\u00e9dica<\/a>. Liz Rebou\u00e7as, neurologista da UPA Vila Santa Catarina, gerenciada pelo Einstein Hospital Israelita, afirma que n\u00e3o \u00e9 comum ter crises convulsivas repetitivas.<\/p>\n<p>Segundo a neurologista Let\u00edcia Sampaio, coordenadora do Departamento Cient\u00edfico de Epilepsia da ABN (Academia Brasileira de Neurologia), as<a href=\"https:\/\/www1.folha.uol.com.br\/equilibrio\/2024\/06\/menino-com-epilepsia-recebe-dispositivo-inovador-no-cranio-que-reduz-convulsoes-em-1o-teste-mundial.shtml\" rel=\"nofollow noopener\" target=\"\"> convuls\u00f5es n\u00e3o est\u00e3o restritas a pessoas com diagn\u00f3stico de epilepsia<\/a>. \u00c9 um evento s\u00fabito e inesperado provocado por uma descarga el\u00e9trica anormal no c\u00e9rebro, que pode causar movimentos involunt\u00e1rios, altera\u00e7\u00f5es da consci\u00eancia ou mudan\u00e7as abruptas de comportamento.<\/p>\n<p>Rebou\u00e7as afirma que no caso de crises recorrentes, \u00e9 preciso investigar para procurar poss\u00edveis causas que podem ser tratadas. &#8220;Se o paciente etava num jejum prolongado [como no caso do ator devido \u00e0s horas na prova de resist\u00eancia], teve uma crise convulsiva e a gente corrigiu aquele jejum e mesmo assim esse paciente volta a ter crise convulsiva, a gente precisa pensar em outra possibilidade de causa dessa crise convulsiva&#8221;, explica.<\/p>\n<p>Qualquer pessoa pode ter uma crise convulsiva ao longo da vida. Embora seja mais frequente em crian\u00e7as e idosos, o epis\u00f3dio pode ocorrer em qualquer faixa et\u00e1ria. Entre os principais fatores que podem provocar uma convuls\u00e3o est\u00e3o a epilepsia, a abstin\u00eancia de \u00e1lcool e outras drogas, febre e infec\u00e7\u00f5es do sistema nervoso central.<\/p>\n<p>Dist\u00farbios metab\u00f3licos tamb\u00e9m s\u00e3o uma causa importante e podem desencadear o evento, como a hipoglicemia, caracterizada pela queda do a\u00e7\u00facar no sangue, e a hiponatremia, que \u00e9 a redu\u00e7\u00e3o dos n\u00edveis de s\u00f3dio no organismo. Traumatismo craniano e acidente vascular cerebral tamb\u00e9m est\u00e3o entre as poss\u00edveis causas.<\/p>\n<p>Outras causas citadas pela especialista incluem altera\u00e7\u00f5es estruturais do sistema nervoso central, como malforma\u00e7\u00f5es, tumores ou displasias corticais. Doen\u00e7as imunol\u00f3gicas, como encefalites autoimunes, tamb\u00e9m podem estar associadas, assim como causas gen\u00e9ticas.<\/p>\n<p>    Cuide-se<\/p>\n<p class=\"c-newsletter__subtitle\">Ci\u00eancia, h\u00e1bitos e preven\u00e7\u00e3o numa newsletter para a sua sa\u00fade e bem-estar<\/p>\n<p>Al\u00e9m das causas diretas, alguns fatores podem atuar como gatilhos para a convuls\u00e3o, principalmente em pessoas que j\u00e1 t\u00eam predisposi\u00e7\u00e3o. A priva\u00e7\u00e3o de sono \u00e9 o gatilho mais bem estabelecido, segundo a neurologista. Dormir pouco deixa o c\u00e9rebro mais excit\u00e1vel e reduz o limiar convulsivo. O uso excessivo de \u00e1lcool e drogas tamb\u00e9m pode precipitar crises.<\/p>\n<p>Calor intenso e desidrata\u00e7\u00e3o s\u00e3o outros fatores que podem ajudar a desencadear uma convuls\u00e3o.<\/p>\n<p>&#8220;O aumento da temperatura corporal pode tornar o c\u00e9rebro mais excit\u00e1vel, enquanto a desidrata\u00e7\u00e3o provoca perda de eletr\u00f3litos, especialmente s\u00f3dio, alterando a condu\u00e7\u00e3o el\u00e9trica cerebral. Situa\u00e7\u00f5es de estresse f\u00edsico ou emocional tamb\u00e9m podem favorecer o surgimento de crises, devido \u00e0 libera\u00e7\u00e3o de horm\u00f4nios que aumentam a excitabilidade neuronal.&#8221;<\/p>\n<p>A interrup\u00e7\u00e3o repentina de alguns medicamentos tamb\u00e9m pode provocar crises convulsivas, mesmo em pessoas sem hist\u00f3rico da condi\u00e7\u00e3o.<\/p>\n<p>De acordo com a neurologista Vanessa Gil, rem\u00e9dios como benzodiazep\u00ednicos, antidepressivos e analg\u00e9sicos opioides precisam ser retirados de forma gradual, pois a suspens\u00e3o abrupta pode deixar o c\u00e9rebro mais suscet\u00edvel a convuls\u00f5es.<\/p>\n<p>&#8220;A interrup\u00e7\u00e3o s\u00fabita pode desorganizar a atividade el\u00e9trica cerebral e favorecer uma crise&#8221;, afirma.<\/p>\n<p>Liz Rebou\u00e7as afirma que na maioria dos casos de crise convulsiva, o paciente recupera a consci\u00eancia espontaneamente e o epis\u00f3dio n\u00e3o traz riscos mais graves ou sequelas.<\/p>\n<p>&#8220;Quando a convuls\u00e3o \u00e9 \u00fanica e de curta dura\u00e7\u00e3o, em geral n\u00e3o se trata de algo mais s\u00e9rio, mas ainda assim deve ser avaliada por um m\u00e9dico&#8221;, afirma.<\/p>\n<p>Se os epis\u00f3dios de crise convulsiva forem recorrentes ou de dura\u00e7\u00e3o prolongada, podem, em casos raros, causar complica\u00e7\u00f5es e at\u00e9 levar \u00e0 morte. &#8220;As principais complica\u00e7\u00f5es s\u00e3o hip\u00f3xia, ou seja, falta de oxigena\u00e7\u00e3o cerebral, e arritmias no cora\u00e7\u00e3o, que podem, inclusive, levar a uma parada card\u00edaca e ao \u00f3bito. Se ela for curta, \u00e9 menos grave, mas sempre merece uma avalia\u00e7\u00e3o m\u00e9dica, e se ela for recorrente ou prolongada, aumenta o risco de gravidade e os potenciais complica\u00e7\u00f5es.&#8221;<\/p>\n<p>&#8220;A maioria das crises vai durar entre 30 segundos e dois minutos, e o corpo vai se recuperar normalmente sem nenhuma sequela&#8221;, acresceta Sampaio.<\/p>\n<p>O que fazer em caso de crise convulsiva<\/p>\n<p>Em caso de uma crise convulsiva, a principal orienta\u00e7\u00e3o \u00e9 manter a calma e proteger quem est\u00e1 convulsionando para evitar ferimentos. Segundo Let\u00edcia Sampaio, a pessoa deve ser colocada de lado para evitar aspira\u00e7\u00e3o de v\u00f4mito ou saliva, e objetos perigosos ao redor devem ser afastados.<\/p>\n<p>A neurologista alerta que n\u00e3o se deve colocar objetos ou os dedos na boca da pessoa, numa tentativa de &#8220;segurar a l\u00edngua&#8221;, j\u00e1 que isso \u00e9 um mito e pode causar mordidas, fraturas dent\u00e1rias ou engasgamento.<\/p>\n<p>Tamb\u00e9m n\u00e3o \u00e9 indicado segurar ou tentar imobilizar a pessoa durante a convuls\u00e3o, nem jogar \u00e1gua, abanar, gritar ou tentar acord\u00e1-la, pois essas a\u00e7\u00f5es n\u00e3o interrompem a crise e podem provocar les\u00f5es.<\/p>\n<p>Outra recomenda\u00e7\u00e3o \u00e9 n\u00e3o oferecer \u00e1gua, alimentos ou medicamentos enquanto a crise estiver acontecendo. Tamb\u00e9m \u00e9 importante observar o tempo de dura\u00e7\u00e3o da crise. Se a convuls\u00e3o durar mais de cinco minutos, ocorrer em sequ\u00eancia ou for a primeira da vida, o atendimento de emerg\u00eancia deve ser acionado. Ap\u00f3s o epis\u00f3dio, a pessoa pode ficar confusa ou sonolenta e n\u00e3o deve ser deixada sozinha at\u00e9 se recuperar totalmente.<\/p>\n","protected":false},"excerpt":{"rendered":"O ator Henri Castelli, 47, foi levado a um hospital na Barra da Tijuca, no Rio de Janeiro,&hellip;\n","protected":false},"author":2,"featured_media":228867,"comment_status":"","ping_status":"","sticky":false,"template":"","format":"standard","meta":{"footnotes":""},"categories":[145],"tags":[2565,15986,211,210,27823,5475,114,115,236,36171,32,33,117],"class_list":{"0":"post-228866","1":"post","2":"type-post","3":"status-publish","4":"format-standard","5":"has-post-thumbnail","7":"category-celebridades","8":"tag-bbb","9":"tag-bbb-26","10":"tag-celebridades","11":"tag-celebrities","12":"tag-convulsao","13":"tag-editoria-equilibrioesaude","14":"tag-entertainment","15":"tag-entretenimento","16":"tag-folha","17":"tag-henri-castelli","18":"tag-portugal","19":"tag-pt","20":"tag-saude"},"share_on_mastodon":{"url":"https:\/\/pubeurope.com\/@pt\/115895261117454857","error":""},"_links":{"self":[{"href":"https:\/\/www.europesays.com\/pt\/wp-json\/wp\/v2\/posts\/228866","targetHints":{"allow":["GET"]}}],"collection":[{"href":"https:\/\/www.europesays.com\/pt\/wp-json\/wp\/v2\/posts"}],"about":[{"href":"https:\/\/www.europesays.com\/pt\/wp-json\/wp\/v2\/types\/post"}],"author":[{"embeddable":true,"href":"https:\/\/www.europesays.com\/pt\/wp-json\/wp\/v2\/users\/2"}],"replies":[{"embeddable":true,"href":"https:\/\/www.europesays.com\/pt\/wp-json\/wp\/v2\/comments?post=228866"}],"version-history":[{"count":0,"href":"https:\/\/www.europesays.com\/pt\/wp-json\/wp\/v2\/posts\/228866\/revisions"}],"wp:featuredmedia":[{"embeddable":true,"href":"https:\/\/www.europesays.com\/pt\/wp-json\/wp\/v2\/media\/228867"}],"wp:attachment":[{"href":"https:\/\/www.europesays.com\/pt\/wp-json\/wp\/v2\/media?parent=228866"}],"wp:term":[{"taxonomy":"category","embeddable":true,"href":"https:\/\/www.europesays.com\/pt\/wp-json\/wp\/v2\/categories?post=228866"},{"taxonomy":"post_tag","embeddable":true,"href":"https:\/\/www.europesays.com\/pt\/wp-json\/wp\/v2\/tags?post=228866"}],"curies":[{"name":"wp","href":"https:\/\/api.w.org\/{rel}","templated":true}]}}