{"id":228870,"date":"2026-01-14T20:13:13","date_gmt":"2026-01-14T20:13:13","guid":{"rendered":"https:\/\/www.europesays.com\/pt\/228870\/"},"modified":"2026-01-14T20:13:13","modified_gmt":"2026-01-14T20:13:13","slug":"javi-guerra-e-alvo-do-fc-porto-e-valencia-ja-definiu-preco-do-medio","status":"publish","type":"post","link":"https:\/\/www.europesays.com\/pt\/228870\/","title":{"rendered":"Javi Guerra \u00e9 alvo do FC Porto e Val\u00eancia j\u00e1 definiu pre\u00e7o do m\u00e9dio"},"content":{"rendered":"<p>&#8211; Advertisement &#8211;<\/p>\n<p><strong>Javi Guerra volta a estar no radar do FC Porto. Val\u00eancia quer receber, pelo menos, 20 milh\u00f5es de euros pelo m\u00e9dio. <\/strong><\/p>\n<p>Javi Guerra est\u00e1 novamente na <a href=\"https:\/\/bolanarede.pt\/especial-bola-na-rede\/atualidade\/fc-porto-leva-mais-uma-nega-desta-vez-foi-javi-guerra-que-rejeitou-rumar-ao-dragao\/\" target=\"_blank\" rel=\"noreferrer noopener nofollow\">lista do FC Porto<\/a>. Lu\u00eds Pinto Coelho, comentador do\u00a0<strong>Bola na Rede<\/strong>, avan\u00e7ou na \u00faltima edi\u00e7\u00e3o do podcast\u00a0Lei do Mercado com novidades quanto ao interesse dos drag\u00f5es no m\u00e9dio.<\/p>\n<p>Os drag\u00f5es continuam a acompanhar o jogador do Val\u00eancia, mas s\u00f3 avan\u00e7ar\u00e1 para o neg\u00f3cio no ver\u00e3o. O emblema che quer um valor entre os 20 e os 25 milh\u00f5es de euros pelo jogador.<\/p>\n<p>Javi Guerra tem 22 anos e \u00e9 internacional pelas camadas jovens da Roja. Esta temporada, o jogador soma duas assist\u00eancias em 22 jogos pelo Val\u00eancia. <\/p>\n<p><strong>86.\u00ba PROGRAMA \u2013 LEI DO MERCADO<\/strong><\/p>\n","protected":false},"excerpt":{"rendered":"&#8211; Advertisement &#8211; Javi Guerra volta a estar no radar do FC Porto. Val\u00eancia quer receber, pelo menos,&hellip;\n","protected":false},"author":2,"featured_media":228871,"comment_status":"","ping_status":"","sticky":false,"template":"","format":"standard","meta":{"footnotes":""},"categories":[87],"tags":[260,135,478,282,43971,5705,32,479,33,134,323],"class_list":{"0":"post-228870","1":"post","2":"type-post","3":"status-publish","4":"format-standard","5":"has-post-thumbnail","7":"category-desporto","8":"tag-atualidade","9":"tag-desporto","10":"tag-destaques-bnr","11":"tag-fc-porto","12":"tag-javi-guerra","13":"tag-la-liga","14":"tag-portugal","15":"tag-primeira-liga","16":"tag-pt","17":"tag-sports","18":"tag-valencia"},"share_on_mastodon":{"url":"https:\/\/pubeurope.com\/@pt\/115895284747680090","error":""},"_links":{"self":[{"href":"https:\/\/www.europesays.com\/pt\/wp-json\/wp\/v2\/posts\/228870","targetHints":{"allow":["GET"]}}],"collection":[{"href":"https:\/\/www.europesays.com\/pt\/wp-json\/wp\/v2\/posts"}],"about":[{"href":"https:\/\/www.europesays.com\/pt\/wp-json\/wp\/v2\/types\/post"}],"author":[{"embeddable":true,"href":"https:\/\/www.europesays.com\/pt\/wp-json\/wp\/v2\/users\/2"}],"replies":[{"embeddable":true,"href":"https:\/\/www.europesays.com\/pt\/wp-json\/wp\/v2\/comments?post=228870"}],"version-history":[{"count":0,"href":"https:\/\/www.europesays.com\/pt\/wp-json\/wp\/v2\/posts\/228870\/revisions"}],"wp:featuredmedia":[{"embeddable":true,"href":"https:\/\/www.europesays.com\/pt\/wp-json\/wp\/v2\/media\/228871"}],"wp:attachment":[{"href":"https:\/\/www.europesays.com\/pt\/wp-json\/wp\/v2\/media?parent=228870"}],"wp:term":[{"taxonomy":"category","embeddable":true,"href":"https:\/\/www.europesays.com\/pt\/wp-json\/wp\/v2\/categories?post=228870"},{"taxonomy":"post_tag","embeddable":true,"href":"https:\/\/www.europesays.com\/pt\/wp-json\/wp\/v2\/tags?post=228870"}],"curies":[{"name":"wp","href":"https:\/\/api.w.org\/{rel}","templated":true}]}}