{"id":228882,"date":"2026-01-14T20:20:26","date_gmt":"2026-01-14T20:20:26","guid":{"rendered":"https:\/\/www.europesays.com\/pt\/228882\/"},"modified":"2026-01-14T20:20:26","modified_gmt":"2026-01-14T20:20:26","slug":"saiba-o-que-une-sete-treinadores-do-fc-porto-e-quatro-do-benfica","status":"publish","type":"post","link":"https:\/\/www.europesays.com\/pt\/228882\/","title":{"rendered":"Saiba o que une sete treinadores do FC Porto e quatro do Benfica"},"content":{"rendered":"<p>Houve 37 jogos entre Benfica e FC Porto para a Ta\u00e7a de Portugal, dos quais 15 se realizaram em casa do FC Porto. Jos\u00e9 Mourinho quer juntar-se a um grupo de quatro treinadores do Benfica. Fernando Cabrita, Lajos Bar\u00f3ti, Sven-Goran Eriksson e Jorge Jesus foram os \u00fanicos que, em jogos da Ta\u00e7a de Portugal, venceram em casa do FC Porto.<\/p>\n<p>Francesco Farioli, por sua vez, quer unir-se a nada menos de sete. Mih\u00e1ly Siska, Jos\u00e9 Maria Pedroto, Tomislav Ivic, Artur Jorge, Fernando Santos, Lu\u00eds Castro e S\u00e9rgio Concei\u00e7\u00e3o s\u00e3o os treinadores do FC Porto que, em casa, venceram o Benfica em jogos da Ta\u00e7a de Portugal.<\/p>\n<p>Claro que, em \u00faltimo caso, um empate tamb\u00e9m serve para manter a possibilidade de chegar \u00e0s meias-finais, o que levaria o jogo para o desempate na marca\u00e7\u00e3o de grandes penalidades. Empates (mas sem pen\u00e1ltis) foi o que aconteceu em 1962 (2-2), 1964 (1-1) e 1993 (1-1), com Francisco Reboredo\/B\u00e9la Guttmann, Otto Gl\u00f3ria\/Elek Schwartz e Carlos Alberto Silva\/Toni, respetivamente. O Benfica seguiu sempre em frente.<\/p>\n","protected":false},"excerpt":{"rendered":"Houve 37 jogos entre Benfica e FC Porto para a Ta\u00e7a de Portugal, dos quais 15 se realizaram&hellip;\n","protected":false},"author":2,"featured_media":228883,"comment_status":"","ping_status":"","sticky":false,"template":"","format":"standard","meta":{"footnotes":""},"categories":[8],"tags":[27,28,15,16,14,25,26,21,22,12,13,19,20,32,23,24,33,17,18,29,30,31],"class_list":{"0":"post-228882","1":"post","2":"type-post","3":"status-publish","4":"format-standard","5":"has-post-thumbnail","7":"category-principais-noticias","8":"tag-breaking-news","9":"tag-breakingnews","10":"tag-featured-news","11":"tag-featurednews","12":"tag-headlines","13":"tag-latest-news","14":"tag-latestnews","15":"tag-main-news","16":"tag-mainnews","17":"tag-news","18":"tag-noticias","19":"tag-noticias-principais","20":"tag-noticiasprincipais","21":"tag-portugal","22":"tag-principais-noticias","23":"tag-principaisnoticias","24":"tag-pt","25":"tag-top-stories","26":"tag-topstories","27":"tag-ultimas","28":"tag-ultimas-noticias","29":"tag-ultimasnoticias"},"share_on_mastodon":{"url":"https:\/\/pubeurope.com\/@pt\/115895312324441523","error":""},"_links":{"self":[{"href":"https:\/\/www.europesays.com\/pt\/wp-json\/wp\/v2\/posts\/228882","targetHints":{"allow":["GET"]}}],"collection":[{"href":"https:\/\/www.europesays.com\/pt\/wp-json\/wp\/v2\/posts"}],"about":[{"href":"https:\/\/www.europesays.com\/pt\/wp-json\/wp\/v2\/types\/post"}],"author":[{"embeddable":true,"href":"https:\/\/www.europesays.com\/pt\/wp-json\/wp\/v2\/users\/2"}],"replies":[{"embeddable":true,"href":"https:\/\/www.europesays.com\/pt\/wp-json\/wp\/v2\/comments?post=228882"}],"version-history":[{"count":0,"href":"https:\/\/www.europesays.com\/pt\/wp-json\/wp\/v2\/posts\/228882\/revisions"}],"wp:featuredmedia":[{"embeddable":true,"href":"https:\/\/www.europesays.com\/pt\/wp-json\/wp\/v2\/media\/228883"}],"wp:attachment":[{"href":"https:\/\/www.europesays.com\/pt\/wp-json\/wp\/v2\/media?parent=228882"}],"wp:term":[{"taxonomy":"category","embeddable":true,"href":"https:\/\/www.europesays.com\/pt\/wp-json\/wp\/v2\/categories?post=228882"},{"taxonomy":"post_tag","embeddable":true,"href":"https:\/\/www.europesays.com\/pt\/wp-json\/wp\/v2\/tags?post=228882"}],"curies":[{"name":"wp","href":"https:\/\/api.w.org\/{rel}","templated":true}]}}