{"id":228889,"date":"2026-01-14T20:26:06","date_gmt":"2026-01-14T20:26:06","guid":{"rendered":"https:\/\/www.europesays.com\/pt\/228889\/"},"modified":"2026-01-14T20:26:06","modified_gmt":"2026-01-14T20:26:06","slug":"flowervale-street-filme-de-dinossauros-da-warner-mudara-de-titulo","status":"publish","type":"post","link":"https:\/\/www.europesays.com\/pt\/228889\/","title":{"rendered":"Flowervale Street: Filme de dinossauros da Warner mudar\u00e1 de t\u00edtulo"},"content":{"rendered":"<p class=\"wp-block-yoast-seo-estimated-reading-time yoast-reading-time__wrapper\">Estimated reading time: 2 minutos<\/p>\n<p>A <a href=\"https:\/\/ovicio.com.br\/tag\/Warner-Bros-Pictures\/\" target=\"_blank\" rel=\"noreferrer noopener nofollow\">Warner<\/a>, ao que parece, n\u00e3o tem confian\u00e7a de que o t\u00edtulo <a href=\"https:\/\/ovicio.com.br\/tag\/Flowervale-Street\/\" target=\"_blank\" rel=\"noreferrer noopener nofollow\">Flowervale Street<\/a> ser\u00e1 o melhor para vender o filme de dinossauros de <strong>David Robert Mitchell\u00a0<\/strong>(Corrente do Mal).<\/p>\n<p>Falando para o Wrap, o chefe da <strong>Warner Bros. Pictures<\/strong>,<strong> Michael De Luca<\/strong>, destacou o projeto como um dos que ele mais est\u00e1 ansioso para o ano junto a <strong>Digger (2026)<\/strong>, de<strong> Alejandro G. I\u00f1\u00e1rritu<\/strong> com <strong>Tom Cruise<\/strong>.<\/p>\n<p>Foi nessa ocasi\u00e3o que o executivo revelou que o filme n\u00e3o se chamar\u00e1 mais<strong> Flowervale Street<\/strong>.<\/p>\n<p><strong>De Luca<\/strong> ainda n\u00e3o escolheu o novo t\u00edtulo, mas ter\u00e1 que fazer o an\u00fancio antes do meio do ano.<\/p>\n<p>Produzido por\u00a0<strong>J.J. Abrams<\/strong>\u00a0(Star Wars: O Despertar da For\u00e7a) e com\u00a0<strong>David Robert Mitchell\u00a0<\/strong>(Corrente do Mal)\u00a0como diretor e roteirista, o longa sobre viagem no tempo e dinossauros chegar\u00e1 aos cinemas em\u00a0<strong>14 de agosto<\/strong>.<\/p>\n<p>Nos anos 80, <strong>Ewan McGregor<\/strong>\u00a0e\u00a0<strong>Anne Hathaway<\/strong>\u00a0s\u00e3o pais que moram em uma rua chamada\u00a0<strong>Flowervale Street<\/strong>\u00a0e come\u00e7am a notar mudan\u00e7as sutis no bairro. Um dia, acontece uma forte tempestade, e toda essa rua \u00e9 transportada para a era pr\u00e9-hist\u00f3rica. O casal, ent\u00e3o, \u00e9 for\u00e7ado a se unir aos vizinhos para proteger seus filhos das amea\u00e7as jur\u00e1ssicas enquanto descobre o que causou essa viagem no tempo e como revert\u00ea-la.<\/p>\n<p><strong>Flowervale Street (2026)<\/strong>\u00a0teve resultados expressivos nas exibi\u00e7\u00f5es-teste. Algumas pessoas descreveram\u00a0o filme como uma mistura de<strong>\u00a0E.T. O Extraterrestre (1982)<\/strong>\u00a0e\u00a0<strong>Jurassic Park (1993)<\/strong>.<\/p>\n<p>Leia tamb\u00e9m sobre Flowervale Street e Warner:<\/p>\n<p><strong>Fonte:\u00a0<\/strong><a href=\"https:\/\/www.thewrap.com\/creative-content\/movies\/mike-de-luca-pam-abdy-interview-warner-bros-sinners-one-battle-netflix\/\" target=\"_blank\" rel=\"noreferrer noopener nofollow\">The Wrap<\/a><\/p>\n","protected":false},"excerpt":{"rendered":"Estimated reading time: 2 minutos A Warner, ao que parece, n\u00e3o tem confian\u00e7a de que o t\u00edtulo Flowervale&hellip;\n","protected":false},"author":2,"featured_media":228890,"comment_status":"","ping_status":"","sticky":false,"template":"","format":"standard","meta":{"footnotes":""},"categories":[140],"tags":[7556,43974,114,115,43975,147,148,43976,146,32,33,37695],"class_list":{"0":"post-228889","1":"post","2":"type-post","3":"status-publish","4":"format-standard","5":"has-post-thumbnail","7":"category-filmes","8":"tag-anne-hathaway","9":"tag-david-robert-mitchell","10":"tag-entertainment","11":"tag-entretenimento","12":"tag-ewan-mcgregor","13":"tag-film","14":"tag-filmes","15":"tag-flowervale-street","16":"tag-movies","17":"tag-portugal","18":"tag-pt","19":"tag-warner-bros-pictures"},"share_on_mastodon":{"url":"","error":""},"_links":{"self":[{"href":"https:\/\/www.europesays.com\/pt\/wp-json\/wp\/v2\/posts\/228889","targetHints":{"allow":["GET"]}}],"collection":[{"href":"https:\/\/www.europesays.com\/pt\/wp-json\/wp\/v2\/posts"}],"about":[{"href":"https:\/\/www.europesays.com\/pt\/wp-json\/wp\/v2\/types\/post"}],"author":[{"embeddable":true,"href":"https:\/\/www.europesays.com\/pt\/wp-json\/wp\/v2\/users\/2"}],"replies":[{"embeddable":true,"href":"https:\/\/www.europesays.com\/pt\/wp-json\/wp\/v2\/comments?post=228889"}],"version-history":[{"count":0,"href":"https:\/\/www.europesays.com\/pt\/wp-json\/wp\/v2\/posts\/228889\/revisions"}],"wp:featuredmedia":[{"embeddable":true,"href":"https:\/\/www.europesays.com\/pt\/wp-json\/wp\/v2\/media\/228890"}],"wp:attachment":[{"href":"https:\/\/www.europesays.com\/pt\/wp-json\/wp\/v2\/media?parent=228889"}],"wp:term":[{"taxonomy":"category","embeddable":true,"href":"https:\/\/www.europesays.com\/pt\/wp-json\/wp\/v2\/categories?post=228889"},{"taxonomy":"post_tag","embeddable":true,"href":"https:\/\/www.europesays.com\/pt\/wp-json\/wp\/v2\/tags?post=228889"}],"curies":[{"name":"wp","href":"https:\/\/api.w.org\/{rel}","templated":true}]}}