{"id":228911,"date":"2026-01-14T20:40:14","date_gmt":"2026-01-14T20:40:14","guid":{"rendered":"https:\/\/www.europesays.com\/pt\/228911\/"},"modified":"2026-01-14T20:40:14","modified_gmt":"2026-01-14T20:40:14","slug":"apos-brilhar-em-o-agente-secreto-tania-maria-e-escalada-para-novo-filme-de-allan-deberton","status":"publish","type":"post","link":"https:\/\/www.europesays.com\/pt\/228911\/","title":{"rendered":"Ap\u00f3s brilhar em &#8216;O Agente Secreto&#8217;, T\u00e2nia Maria \u00e9 escalada para novo filme de Allan Deberton"},"content":{"rendered":"<p>\n                        A Dona Sebastiana do longa de Kleber Mendon\u00e7a Filho ir\u00e1 atuar em A Ado\u00e7\u00e3o, novo filme de Allan Deberton, de Pacarrete e O Melhor Amigo\n                    <\/p>\n<ul class=\"article__header__author\">\n<li class=\"article__header__author__item\">\n                                                Por:<br \/>\n                                                                                    Angelo Cordeiro (@angelocordeirosilva) \/ Rolling Stone Brasil\n                                                                        <\/li>\n<\/ul>\n<p class=\"text\">Ap\u00f3s ganhar destaque recente em <strong>O Agente Secreto<\/strong>, T\u00e2nia Maria j\u00e1 tem um novo trabalho no cinema brasileiro: a atriz foi escalada para <strong>A Ado\u00e7\u00e3o<\/strong>, novo longa-metragem de Allan Deberton, diretor premiado por Pacarrete e O Melhor Amigo.<\/p>\n<p><img loading=\"lazy\" decoding=\"async\" alt=\"Ap\u00f3s brilhar em 'O Agente Secreto', T\u00e2nia Maria \u00e9 escalada para novo filme de Allan Deberton (Divulga\u00e7\u00e3o\/Vitrine Filmes)\" class=\"img-16f8d72a9f116b4175c74232f6af487d1eggdu2b\" height=\"435\" src=\"https:\/\/www.europesays.com\/pt\/wp-content\/uploads\/2026\/01\/787231495-apos-brilhar-em-o-agente-secreto-tania-maria-e-escalada-para-novo-filme-de-allan-deberton..jpeg\"  title=\"Ap\u00f3s brilhar em 'O Agente Secreto', T\u00e2nia Maria \u00e9 escalada para novo filme de Allan Deberton (Divulga\u00e7\u00e3o\/Vitrine Filmes)\" width=\"774\"\/><\/p>\n<p>Ap\u00f3s brilhar em &#8216;O Agente Secreto&#8217;, T\u00e2nia Maria \u00e9 escalada para novo filme de Allan Deberton (Divulga\u00e7\u00e3o\/Vitrine Filmes)<\/p>\n<p>Foto: Rolling Stone Brasil<\/p>\n<p class=\"text\">O projeto, anunciado pela Deberton Filmes, est\u00e1 prestes a iniciar suas filmagens em Fortaleza, no Cear\u00e1, e ter\u00e1 <strong>Vin\u00edcius de Oliveira<\/strong> (Central do Brasil) como protagonista. Ele interpreta Tiago, um homem que, ap\u00f3s anos na fila de ado\u00e7\u00e3o, finalmente recebe a not\u00edcia de que ser\u00e1 pai. A chegada da crian\u00e7a, no entanto, o obriga a lidar com desafios emocionais profundos: o luto pela morte da m\u00e3e e uma rela\u00e7\u00e3o conturbada com o pr\u00f3prio pai, al\u00e9m da dif\u00edcil constru\u00e7\u00e3o de v\u00ednculo com o filho adotivo.<\/p>\n<p class=\"text\">Al\u00e9m de T\u00e2nia Maria, o elenco ainda conta com <strong>Claudio Jaborandy<\/strong> (Guerreiros do Sol), <strong>Hermila Guedes<\/strong> (Homem com H), <strong>Aline Marta Maia<\/strong> (Ped\u00e1gio), <strong>F\u00e1tima Mac\u00eado<\/strong> (Manas), <strong>Thain\u00e1 Duarte<\/strong> (Canga\u00e7o Novo), <strong>Georgette Fadel<\/strong> (Regra 34) e <strong>Maya de Paiva<\/strong> (Cidade, Campo).<\/p>\n<p class=\"text\">O filme j\u00e1 tem distribui\u00e7\u00e3o garantida nos cinemas pela Calif\u00f3rnia Filmes, mas ainda n\u00e3o tem previs\u00e3o de estreia.<\/p>\n","protected":false},"excerpt":{"rendered":"A Dona Sebastiana do longa de Kleber Mendon\u00e7a Filho ir\u00e1 atuar em A Ado\u00e7\u00e3o, novo filme de Allan&hellip;\n","protected":false},"author":2,"featured_media":228912,"comment_status":"","ping_status":"","sticky":false,"template":"","format":"standard","meta":{"footnotes":""},"categories":[140],"tags":[114,115,147,148,146,32,33],"class_list":{"0":"post-228911","1":"post","2":"type-post","3":"status-publish","4":"format-standard","5":"has-post-thumbnail","7":"category-filmes","8":"tag-entertainment","9":"tag-entretenimento","10":"tag-film","11":"tag-filmes","12":"tag-movies","13":"tag-portugal","14":"tag-pt"},"share_on_mastodon":{"url":"https:\/\/pubeurope.com\/@pt\/115895390951562815","error":""},"_links":{"self":[{"href":"https:\/\/www.europesays.com\/pt\/wp-json\/wp\/v2\/posts\/228911","targetHints":{"allow":["GET"]}}],"collection":[{"href":"https:\/\/www.europesays.com\/pt\/wp-json\/wp\/v2\/posts"}],"about":[{"href":"https:\/\/www.europesays.com\/pt\/wp-json\/wp\/v2\/types\/post"}],"author":[{"embeddable":true,"href":"https:\/\/www.europesays.com\/pt\/wp-json\/wp\/v2\/users\/2"}],"replies":[{"embeddable":true,"href":"https:\/\/www.europesays.com\/pt\/wp-json\/wp\/v2\/comments?post=228911"}],"version-history":[{"count":0,"href":"https:\/\/www.europesays.com\/pt\/wp-json\/wp\/v2\/posts\/228911\/revisions"}],"wp:featuredmedia":[{"embeddable":true,"href":"https:\/\/www.europesays.com\/pt\/wp-json\/wp\/v2\/media\/228912"}],"wp:attachment":[{"href":"https:\/\/www.europesays.com\/pt\/wp-json\/wp\/v2\/media?parent=228911"}],"wp:term":[{"taxonomy":"category","embeddable":true,"href":"https:\/\/www.europesays.com\/pt\/wp-json\/wp\/v2\/categories?post=228911"},{"taxonomy":"post_tag","embeddable":true,"href":"https:\/\/www.europesays.com\/pt\/wp-json\/wp\/v2\/tags?post=228911"}],"curies":[{"name":"wp","href":"https:\/\/api.w.org\/{rel}","templated":true}]}}