{"id":228986,"date":"2026-01-14T21:31:09","date_gmt":"2026-01-14T21:31:09","guid":{"rendered":"https:\/\/www.europesays.com\/pt\/228986\/"},"modified":"2026-01-14T21:31:09","modified_gmt":"2026-01-14T21:31:09","slug":"henri-castelli-sofre-nova-convulsao-apos-voltar-a-casa","status":"publish","type":"post","link":"https:\/\/www.europesays.com\/pt\/228986\/","title":{"rendered":"Henri Castelli sofre nova convuls\u00e3o ap\u00f3s voltar \u00e0 casa"},"content":{"rendered":"<p>\n                        Henri Castelli retorna ao &#8216;BBB 26&#8217; ap\u00f3s sofrer convuls\u00e3o durante Prova de Resist\u00eancia e passa mal novamente; saiba detalhes!\n                    <\/p>\n<ul class=\"article__header__author\">\n<li class=\"article__header__author__item\">\n                                                Por:<br \/>\n                                                                                    Val\u00e9ria Abreu \/ Contigo\n                                                                        <\/li>\n<\/ul>\n<p>\n                                    14 jan<br \/>\n                                    2026<br \/>\n                                     &#8211; 15h25\n                                <\/p>\n<p>\n                                                                                                                        (atualizado \u00e0s 15h49)\n                                                                            <\/p>\n<p class=\"text\"><strong>Henri Castelli<\/strong> retornou \u00e0 casa do BBB 26 na tarde desta quarta-feira, 14\/01, ap\u00f3s sofrer uma convuls\u00e3o durante a Prova de Resist\u00eancia. Por\u00e9m, o ator passou mal novamente logo depois.<\/p>\n<p><img loading=\"lazy\" decoding=\"async\" alt=\"Henri Castelli no 'BBB 26'\" class=\"img-64b9c3aa7b464bf1d11bb72eda8f7723a4ml09om\" height=\"435\" src=\"https:\/\/www.europesays.com\/pt\/wp-content\/uploads\/2026\/01\/837956969-henri-castelli-bbb-26-1.jpg\"  title=\"Henri Castelli no 'BBB 26'\" width=\"774\"\/><\/p>\n<p>Henri Castelli no &#8216;BBB 26&#8217;<\/p>\n<p>Foto: Reprodu\u00e7\u00e3o\/ Globo \/ Contigo<\/p>\n<p class=\"text\">De acordo com os brothers,\u00a0assim que ele entrou no gramado, o participante do grupo Camarote disse que estava bem, mas come\u00e7ou a convulsionar. Imediatamente, todos sa\u00edram da piscina na tentativa de socorr\u00ea-lo. A produ\u00e7\u00e3o, no entanto, pediu que eles entrassem dentro da casa.<\/p>\n<blockquote class=\"instagram-media\" data-instgrm-captioned=\"\" data-instgrm-permalink=\"https:\/\/www.instagram.com\/p\/DTgCfZ6Ef7_\/?utm_source=ig_embed&amp;utm_campaign=loading\" data-instgrm-version=\"14\" style=\"background: #FFF; border: 0; border-radius: 3px; box-shadow: 0 0 1px 0 rgba(0,0,0,0.5),0 1px 10px 0 rgba(0,0,0,0.15); margin: 1px; max-width: 540px; min-width: 326px; padding: 0; width: calc(100% - 2px);\">\n<p>     Ver essa foto no Instagram <\/p>\n<p class=\"text\" style=\"color: #c9c8cd; font-family: Arial,sans-serif; font-size: 14px; line-height: 17px; margin-bottom: 0; margin-top: 8px; overflow: hidden; padding: 8px 0 7px; text-align: center; text-overflow: ellipsis; white-space: nowrap;\"><a href=\"https:\/\/www.instagram.com\/p\/DTgCfZ6Ef7_\/?utm_source=ig_embed&amp;utm_campaign=loading\" rel=\"noopener nofollow\" style=\"color: #c9c8cd; font-family: Arial,sans-serif; font-size: 14px; font-style: normal; font-weight: normal; line-height: 17px; text-decoration: none;\" target=\"_blank\">Um post compartilhado por Central Reality (@centralreality)<\/a><\/p>\n<\/blockquote>\n<blockquote class=\"instagram-media\" data-instgrm-captioned=\"\" data-instgrm-permalink=\"https:\/\/www.instagram.com\/reel\/DTgBBsfCYEs\/?utm_source=ig_embed&amp;utm_campaign=loading\" data-instgrm-version=\"14\" style=\"background: #FFF; border: 0; border-radius: 3px; box-shadow: 0 0 1px 0 rgba(0,0,0,0.5),0 1px 10px 0 rgba(0,0,0,0.15); margin: 1px; max-width: 540px; min-width: 326px; padding: 0; width: calc(100% - 2px);\">\n<p>     Ver essa foto no Instagram <\/p>\n<p class=\"text\" style=\"color: #c9c8cd; font-family: Arial,sans-serif; font-size: 14px; line-height: 17px; margin-bottom: 0; margin-top: 8px; overflow: hidden; padding: 8px 0 7px; text-align: center; text-overflow: ellipsis; white-space: nowrap;\"><a href=\"https:\/\/www.instagram.com\/reel\/DTgBBsfCYEs\/?utm_source=ig_embed&amp;utm_campaign=loading\" rel=\"noopener nofollow\" style=\"color: #c9c8cd; font-family: Arial,sans-serif; font-size: 14px; font-style: normal; font-weight: normal; line-height: 17px; text-decoration: none;\" target=\"_blank\">Um post compartilhado por Central Reality (@centralreality)<\/a><\/p>\n<\/blockquote>\n<p>Henri Castelli choca ao expor namoro com famosa: &#8216;Ela tinha vergonha&#8217;<\/p>\n<p class=\"text\">Confinado no &#8216;BBB 26&#8217;, o ator Henri Castelli abriu o jogo sobre um antigo relacionamento com uma ex-paquita. Durante conversa com colegas, ele revelou que o in\u00edcio de sua carreira foi marcado por um sentimento de exclus\u00e3o, j\u00e1 que a ent\u00e3o namorada sentia vergonha de ser vista publicamente ao seu lado.<\/p>\n<p class=\"text\">&#8220;Namorei a Juliana Baroni, que foi paquita. S\u00f3 que ela tinha vergonha de me levar nos lugares, nunca me levava nas festas, ficava exclu\u00eddo, assim. N\u00e3o sei por que, nunca me convidava&#8221;, disse.<\/p>\n<p class=\"text\">&#8220;Ela criticava algumas coisas. Assim, n\u00e3o sei se ela tinha vergonha. N\u00e3o sei&#8221;. Ainda mais, na conversa com os brothers, o ator revelou que tudo aconteceu antes dele ganhar grande visibilidade com o seu trabalho. &#8220;Era uma fase em que eu ainda n\u00e3o era conhecido e isso mexia muito comigo&#8221;, encerrou ele.<\/p>\n<p>Mudan\u00e7as de Henri Castelli<\/p>\n<p class=\"text\">No auge dos 47 anos, Henri n\u00e3o esconde sua vaidade. Ele passou por diversos tratamentos est\u00e9ticos, especialmente na \u00faltima d\u00e9cada. Um dos mais marcantes foi a harmoniza\u00e7\u00e3o facial feita em 2024. Na ocasi\u00e3o, ele realizou preenchimentos na t\u00eampora, nariz, bigode chin\u00eas, maxilar e olheiras, al\u00e9m da mand\u00edbula, \u00e1rea que precisou de interven\u00e7\u00e3o ap\u00f3s uma fratura causada por uma agress\u00e3o no passado.<\/p>\n<p class=\"text\">Na \u00e9poca, o ator passou por cirurgia e precisou de drenagem linf\u00e1tica na mand\u00edbula. &#8220;As pessoas elogiam minha pele e perguntam o que eu fa\u00e7o. Al\u00e9m disso, passo protetor solar, tomo \u00e1gua&#8230; Assim voc\u00ea vai envelhecendo de forma saud\u00e1vel. Para mim, o ideal \u00e9 voc\u00ea ter a sua idade saud\u00e1vel. N\u00e3o precisa ter cara de mais jovem nem mais velho. Muita gente quer parecer mais nova, e \u00e9 a\u00ed onde voc\u00ea mais v\u00ea os exageros na parte est\u00e9tica&#8221;, disse ele em entrevista ao O Globo, em 2023.<\/p>\n<p>                            <script async src=\"\/\/www.instagram.com\/embed.js\"><\/script><\/p>\n","protected":false},"excerpt":{"rendered":"Henri Castelli retorna ao &#8216;BBB 26&#8217; ap\u00f3s sofrer convuls\u00e3o durante Prova de Resist\u00eancia e passa mal novamente; saiba&hellip;\n","protected":false},"author":2,"featured_media":228987,"comment_status":"","ping_status":"","sticky":false,"template":"","format":"standard","meta":{"footnotes":""},"categories":[145],"tags":[211,210,114,115,32,33],"class_list":{"0":"post-228986","1":"post","2":"type-post","3":"status-publish","4":"format-standard","5":"has-post-thumbnail","7":"category-celebridades","8":"tag-celebridades","9":"tag-celebrities","10":"tag-entertainment","11":"tag-entretenimento","12":"tag-portugal","13":"tag-pt"},"share_on_mastodon":{"url":"https:\/\/pubeurope.com\/@pt\/115895591451950140","error":""},"_links":{"self":[{"href":"https:\/\/www.europesays.com\/pt\/wp-json\/wp\/v2\/posts\/228986","targetHints":{"allow":["GET"]}}],"collection":[{"href":"https:\/\/www.europesays.com\/pt\/wp-json\/wp\/v2\/posts"}],"about":[{"href":"https:\/\/www.europesays.com\/pt\/wp-json\/wp\/v2\/types\/post"}],"author":[{"embeddable":true,"href":"https:\/\/www.europesays.com\/pt\/wp-json\/wp\/v2\/users\/2"}],"replies":[{"embeddable":true,"href":"https:\/\/www.europesays.com\/pt\/wp-json\/wp\/v2\/comments?post=228986"}],"version-history":[{"count":0,"href":"https:\/\/www.europesays.com\/pt\/wp-json\/wp\/v2\/posts\/228986\/revisions"}],"wp:featuredmedia":[{"embeddable":true,"href":"https:\/\/www.europesays.com\/pt\/wp-json\/wp\/v2\/media\/228987"}],"wp:attachment":[{"href":"https:\/\/www.europesays.com\/pt\/wp-json\/wp\/v2\/media?parent=228986"}],"wp:term":[{"taxonomy":"category","embeddable":true,"href":"https:\/\/www.europesays.com\/pt\/wp-json\/wp\/v2\/categories?post=228986"},{"taxonomy":"post_tag","embeddable":true,"href":"https:\/\/www.europesays.com\/pt\/wp-json\/wp\/v2\/tags?post=228986"}],"curies":[{"name":"wp","href":"https:\/\/api.w.org\/{rel}","templated":true}]}}