{"id":228988,"date":"2026-01-14T21:34:21","date_gmt":"2026-01-14T21:34:21","guid":{"rendered":"https:\/\/www.europesays.com\/pt\/228988\/"},"modified":"2026-01-14T21:34:21","modified_gmt":"2026-01-14T21:34:21","slug":"bernardina-brito-abre-o-coracao-e-fala-sem-tabus-sobre-um-dos-piores-anos-da-sua-vida-primeira-companhia","status":"publish","type":"post","link":"https:\/\/www.europesays.com\/pt\/228988\/","title":{"rendered":"Bernardina Brito abre o cora\u00e7\u00e3o e fala sem tabus sobre \u00abum dos piores anos da sua vida\u00bb &#8211; Primeira Companhia"},"content":{"rendered":"<p><strong>Bernardina Brito<\/strong> abriu o cora\u00e7\u00e3o para falar sobre \u00abum dos piores anos da sua vida\u00bb. A <a href=\"https:\/\/tvi.iol.pt\/primeiracompanhia\/bernardina-brito\/boa-noticia\/boas-noticias-apos-a-separacao-bernardina-brito-emocionada-com-novidade\" rel=\"nofollow noopener\" target=\"_blank\"><strong>ex-concorrente do Secret Story e do Big Brother<\/strong><\/a>\u00a0aderiu \u00e0 trend mais viral das redes sociais &#8211; a de recordar momentos de h\u00e1 dez anos &#8211; e n\u00e3o deixou nada por dizer.<\/p>\n<p>\u00ab(2016) <strong>Foi sem d\u00favida um dos piores anos da minha vida, mas tamb\u00e9m um ano de viragem para melhor.<\/strong> O ano em que descobri que como mulher precisava de me respeitar e principalmente de me amar\u00bb, <a href=\"https:\/\/tvi.iol.pt\/primeiracompanhia\/bernardina-brito\/12-01-2026\/indireta-apos-separacao-bernardina-brito-nao-passa-despercebida-o-homem-da-minha-vida\" rel=\"nofollow noopener\" target=\"_blank\">come\u00e7ou por dizer Bibi<\/a>, como \u00e9 carinhosamente tratada.<\/p>\n<p>\u00abE, passados dez anos, olho para tr\u00e1s e penso: &#8216;F***-**, todo o sofrimento valeu a pena, <strong>est\u00e1s uma grande mulher e uma grande m\u00e3e<\/strong>&#8216;\u00bb, acrescentou.<\/p>\n<p><strong>Pode ver tudo aqui:<\/strong><\/p>\n<blockquote class=\"instagram-media\" data-instgrm-captioned=\"\" data-instgrm-permalink=\"https:\/\/www.instagram.com\/p\/DTahoS9jfzl\/?utm_source=ig_embed&amp;utm_campaign=loading\" data-instgrm-version=\"14\" style=\" background:#FFF; border:0; border-radius:3px; box-shadow:0 0 1px 0 rgba(0,0,0,0.5),0 1px 10px 0 rgba(0,0,0,0.15); margin: 1px; max-width:540px; min-width:326px; padding:0; width:99.375%; width:-webkit-calc(100% - 2px); width:calc(100% - 2px);\">\n<\/blockquote>\n<p>                        <script async src=\"\/\/www.instagram.com\/embed.js\"><\/script><\/p>\n","protected":false},"excerpt":{"rendered":"Bernardina Brito abriu o cora\u00e7\u00e3o para falar sobre \u00abum dos piores anos da sua vida\u00bb. A ex-concorrente do&hellip;\n","protected":false},"author":2,"featured_media":228989,"comment_status":"","ping_status":"","sticky":false,"template":"","format":"standard","meta":{"footnotes":""},"categories":[142],"tags":[41536,5303,114,115,18705,32,33,1509,151,41535],"class_list":{"0":"post-228988","1":"post","2":"type-post","3":"status-publish","4":"format-standard","5":"has-post-thumbnail","7":"category-tv","8":"tag-bastidores-da-recruta","9":"tag-bernardina-brito","10":"tag-entertainment","11":"tag-entretenimento","12":"tag-entrevistas-concorrentes-tvi","13":"tag-portugal","14":"tag-pt","15":"tag-separacao","16":"tag-tv","17":"tag-vida-fora-da-base"},"share_on_mastodon":{"url":"https:\/\/pubeurope.com\/@pt\/115895603185747542","error":""},"_links":{"self":[{"href":"https:\/\/www.europesays.com\/pt\/wp-json\/wp\/v2\/posts\/228988","targetHints":{"allow":["GET"]}}],"collection":[{"href":"https:\/\/www.europesays.com\/pt\/wp-json\/wp\/v2\/posts"}],"about":[{"href":"https:\/\/www.europesays.com\/pt\/wp-json\/wp\/v2\/types\/post"}],"author":[{"embeddable":true,"href":"https:\/\/www.europesays.com\/pt\/wp-json\/wp\/v2\/users\/2"}],"replies":[{"embeddable":true,"href":"https:\/\/www.europesays.com\/pt\/wp-json\/wp\/v2\/comments?post=228988"}],"version-history":[{"count":0,"href":"https:\/\/www.europesays.com\/pt\/wp-json\/wp\/v2\/posts\/228988\/revisions"}],"wp:featuredmedia":[{"embeddable":true,"href":"https:\/\/www.europesays.com\/pt\/wp-json\/wp\/v2\/media\/228989"}],"wp:attachment":[{"href":"https:\/\/www.europesays.com\/pt\/wp-json\/wp\/v2\/media?parent=228988"}],"wp:term":[{"taxonomy":"category","embeddable":true,"href":"https:\/\/www.europesays.com\/pt\/wp-json\/wp\/v2\/categories?post=228988"},{"taxonomy":"post_tag","embeddable":true,"href":"https:\/\/www.europesays.com\/pt\/wp-json\/wp\/v2\/tags?post=228988"}],"curies":[{"name":"wp","href":"https:\/\/api.w.org\/{rel}","templated":true}]}}