{"id":228996,"date":"2026-01-14T21:41:11","date_gmt":"2026-01-14T21:41:11","guid":{"rendered":"https:\/\/www.europesays.com\/pt\/228996\/"},"modified":"2026-01-14T21:41:11","modified_gmt":"2026-01-14T21:41:11","slug":"sabia-que-pode-ter-uma-conta-a-ordem-por-apenas-ate-537-e-por-ano","status":"publish","type":"post","link":"https:\/\/www.europesays.com\/pt\/228996\/","title":{"rendered":"Sabia que pode ter uma conta \u00e0 ordem por apenas at\u00e9 5,37 \u20ac por ano?"},"content":{"rendered":"<p>Num contexto em que as comiss\u00f5es banc\u00e1rias continuam a pesar no or\u00e7amento das fam\u00edlias, o Banco de Portugal relembra que existe uma solu\u00e7\u00e3o simples e legal para quem quer reduzir custos: a <a target=\"_blank\" href=\"https:\/\/pplware.sapo.pt\/informacao\/conta-de-servicos-minimos-bancarios-sim-existe-e-e-mais-barata\/\" rel=\"nofollow noopener\">Conta de Servi\u00e7os M\u00ednimos Banc\u00e1rios<\/a> (SMB).<\/p>\n<p><a target=\"_blank\" href=\"https:\/\/pplware.sapo.pt\/wp-content\/uploads\/2024\/03\/banco-de-portugal.jpg\" onclick=\"refreshIframe()\" class=\"foobox\" rel=\"nofollow noopener\"><img fetchpriority=\"high\" decoding=\"async\" src=\"https:\/\/www.europesays.com\/pt\/wp-content\/uploads\/2026\/01\/banco-de-portugal-720x405.jpg\" alt=\"Sabia que pode ter uma conta \u00e0 ordem por apenas at\u00e9 5,37 \u20ac por ano?\" width=\"720\" height=\"405\" class=\"aligncenter wp-image-982031 size-medium\"  \/><\/a><\/p>\n<p>Esta conta permite ter acesso aos servi\u00e7os banc\u00e1rios essenciais por um valor m\u00e1ximo anual de apenas 5,37 euros, um montante significativamente inferior ao que \u00e9 cobrado na maioria das contas \u00e0 ordem tradicionais.<\/p>\n<p>O que s\u00e3o os Servi\u00e7os M\u00ednimos Banc\u00e1rios?<\/p>\n<p>A Conta de Servi\u00e7os M\u00ednimos Banc\u00e1rios foi criada para garantir que qualquer cidad\u00e3o pode ter acesso a uma conta banc\u00e1ria funcional, sem comiss\u00f5es excessivas. Trata-se de uma conta \u00e0 ordem com um conjunto de servi\u00e7os b\u00e1sicos inclu\u00eddos.<\/p>\n<p>Entre os servi\u00e7os dispon\u00edveis est\u00e3o:<\/p>\n<ul>\n<li>Conta de dep\u00f3sito \u00e0 ordem<\/li>\n<li>Cart\u00e3o de d\u00e9bito<\/li>\n<li>Levantamentos de numer\u00e1rio em caixas autom\u00e1ticos<\/li>\n<li>Pagamentos de bens e servi\u00e7os<\/li>\n<li>D\u00e9bitos diretos<\/li>\n<li>Transfer\u00eancias banc\u00e1rias (incluindo digitais)<\/li>\n<li>Acesso ao homebanking<\/li>\n<\/ul>\n<p>Tudo isto com um custo anual fortemente limitado por lei.<\/p>\n<p><a target=\"_blank\" href=\"https:\/\/pplware.sapo.pt\/wp-content\/uploads\/2025\/03\/multibanco_00.jpg\" onclick=\"refreshIframe()\" class=\"foobox\" rel=\"nofollow noopener\"><img loading=\"lazy\" decoding=\"async\" src=\"https:\/\/www.europesays.com\/pt\/wp-content\/uploads\/2026\/01\/multibanco_00-720x405.jpg\" alt=\"Sabia que pode ter uma conta \u00e0 ordem por apenas at\u00e9 5,37 \u20ac por ano?\" width=\"720\" height=\"405\" class=\"aligncenter wp-image-1046762 size-medium\"  \/><\/a><\/p>\n<p>O valor m\u00e1ximo que os bancos podem cobrar por esta conta corresponde a 1% do Indexante dos Apoios Sociais (IAS). Em 2026, esse valor traduz-se num teto m\u00e1ximo de 5,37 euros por ano.<\/p>\n<p><strong>Quem pode aderir?<\/strong><\/p>\n<p>A Conta de Servi\u00e7os M\u00ednimos Banc\u00e1rios pode ser solicitada por:<\/p>\n<ul>\n<li>Pessoas que n\u00e3o tenham nenhuma outra conta \u00e0 ordem em seu nome<\/li>\n<li>Pessoas que tenham apenas uma conta \u00e0 ordem e queiram convert\u00ea-la para servi\u00e7os m\u00ednimos<\/li>\n<\/ul>\n<p>\u00c9 poss\u00edvel converter uma conta existente numa conta de servi\u00e7os m\u00ednimos e o banco n\u00e3o pode recusar sem motivo v\u00e1lido.<\/p>\n","protected":false},"excerpt":{"rendered":"Num contexto em que as comiss\u00f5es banc\u00e1rias continuam a pesar no or\u00e7amento das fam\u00edlias, o Banco de Portugal&hellip;\n","protected":false},"author":2,"featured_media":228997,"comment_status":"","ping_status":"","sticky":false,"template":"","format":"standard","meta":{"footnotes":""},"categories":[83],"tags":[23271,88,43962,89,90,32,33],"class_list":{"0":"post-228996","1":"post","2":"type-post","3":"status-publish","4":"format-standard","5":"has-post-thumbnail","7":"category-empresas","8":"tag-banco","9":"tag-business","10":"tag-conta-a-ordem","11":"tag-economy","12":"tag-empresas","13":"tag-portugal","14":"tag-pt"},"share_on_mastodon":{"url":"https:\/\/pubeurope.com\/@pt\/115895630918972520","error":""},"_links":{"self":[{"href":"https:\/\/www.europesays.com\/pt\/wp-json\/wp\/v2\/posts\/228996","targetHints":{"allow":["GET"]}}],"collection":[{"href":"https:\/\/www.europesays.com\/pt\/wp-json\/wp\/v2\/posts"}],"about":[{"href":"https:\/\/www.europesays.com\/pt\/wp-json\/wp\/v2\/types\/post"}],"author":[{"embeddable":true,"href":"https:\/\/www.europesays.com\/pt\/wp-json\/wp\/v2\/users\/2"}],"replies":[{"embeddable":true,"href":"https:\/\/www.europesays.com\/pt\/wp-json\/wp\/v2\/comments?post=228996"}],"version-history":[{"count":0,"href":"https:\/\/www.europesays.com\/pt\/wp-json\/wp\/v2\/posts\/228996\/revisions"}],"wp:featuredmedia":[{"embeddable":true,"href":"https:\/\/www.europesays.com\/pt\/wp-json\/wp\/v2\/media\/228997"}],"wp:attachment":[{"href":"https:\/\/www.europesays.com\/pt\/wp-json\/wp\/v2\/media?parent=228996"}],"wp:term":[{"taxonomy":"category","embeddable":true,"href":"https:\/\/www.europesays.com\/pt\/wp-json\/wp\/v2\/categories?post=228996"},{"taxonomy":"post_tag","embeddable":true,"href":"https:\/\/www.europesays.com\/pt\/wp-json\/wp\/v2\/tags?post=228996"}],"curies":[{"name":"wp","href":"https:\/\/api.w.org\/{rel}","templated":true}]}}