{"id":228998,"date":"2026-01-14T21:42:14","date_gmt":"2026-01-14T21:42:14","guid":{"rendered":"https:\/\/www.europesays.com\/pt\/228998\/"},"modified":"2026-01-14T21:42:14","modified_gmt":"2026-01-14T21:42:14","slug":"decisao-historica-feira-da-agricultura-2026-nao-vai-ter-bovinos","status":"publish","type":"post","link":"https:\/\/www.europesays.com\/pt\/228998\/","title":{"rendered":"&#8220;Decis\u00e3o hist\u00f3rica&#8221;. Feira da Agricultura 2026 n\u00e3o vai ter bovinos"},"content":{"rendered":"<p>A edi\u00e7\u00e3o deste ano da Feira da Agricultura em Fran\u00e7a n\u00e3o vai contar com a presen\u00e7a de bovinos. A decis\u00e3o foi hoje anunciada e \u00e9 hist\u00f3rica: \u00e9 a primeira vez em 60 anos que o certame n\u00e3o contar\u00e1 com estes animais, refere o Le Parisien.<\/p>\n<p>Os organizadores do evento, que normalmente recebem cerca de 600 cabe\u00e7as de gado vindas de toda a Fran\u00e7a, anunciaram nesta ter\u00e7a-feira de manh\u00e3 que n\u00e3o haver\u00e1 vacas, bezerros ou touros no evento que decorre entre 21 de fevereiro a 1 de mar\u00e7o na Porte de Versailles.<\/p>\n<p>Em causa est\u00e1 uma vaga de casos de Dermatose Nodular Contagiosa (DNC),\u00a0 uma doen\u00e7a viral que afeta os bovinos e certas esp\u00e9cies de ruminantes selvagens como o b\u00fafalo de \u00e1gua.\u00a0<\/p>\n<p>O respons\u00e1vel pelo evento, J\u00e9r\u00f4me Despey, fez saber que desejava &#8220;a presen\u00e7a de bovinos e fizemos tudo o que estava ao nosso alcance para que isso fosse poss\u00edvel, respeitando rigorosamente as regras sanit\u00e1rias&#8221;, antes de oficializar a decis\u00e3o final.\u00a0<\/p>\n<p>Recorde-se que em a Dermatose Nodular Contagiosa (DMC), que afeta bovinos e alguns ruminantes selvagens, agravou-se na Uni\u00e3o Europeia, levando a DGAV a apelar para que os produtores, comerciantes e m\u00e9dicos refor\u00e7assem as medidas de seguran\u00e7a, evitando a entrada do v\u00edrus.<\/p>\n<p>O setor foi aconselhado a aplicar as medidas de biosseguran\u00e7a nas explora\u00e7\u00f5es, centros de agrupamento e entrepostos, controlar os vetores atrav\u00e9s da utiliza\u00e7\u00e3o de inseticidas e antiparasit\u00e1rios externos e proceder \u00e0 limpeza, desinfe\u00e7\u00e3o e desinsetiza\u00e7\u00e3o dos ve\u00edculos e navios que transportam animais.<\/p>\n<p>Leia Tamb\u00e9m: <a href=\"https:\/\/www.noticiasaominuto.com\/pais\/2918412\/ar-polar-da-gronelandia-chega-a-portugal-na-6-feira-pode-trazer-neve\" target=\"_blank\" rel=\"noopener noreferrer nofollow\">Ar polar da Gronel\u00e2ndia chega a Portugal na 6.\u00aa-feira. Pode trazer neve<\/a><\/p>\n","protected":false},"excerpt":{"rendered":"A edi\u00e7\u00e3o deste ano da Feira da Agricultura em Fran\u00e7a n\u00e3o vai contar com a presen\u00e7a de bovinos.&hellip;\n","protected":false},"author":2,"featured_media":228999,"comment_status":"","ping_status":"","sticky":false,"template":"","format":"standard","meta":{"footnotes":""},"categories":[50],"tags":[27,28,15,16,14,25,26,21,22,62,12,13,19,20,23,24,17,18,29,30,31,63,64,65],"class_list":{"0":"post-228998","1":"post","2":"type-post","3":"status-publish","4":"format-standard","5":"has-post-thumbnail","7":"category-mundo","8":"tag-breaking-news","9":"tag-breakingnews","10":"tag-featured-news","11":"tag-featurednews","12":"tag-headlines","13":"tag-latest-news","14":"tag-latestnews","15":"tag-main-news","16":"tag-mainnews","17":"tag-mundo","18":"tag-news","19":"tag-noticias","20":"tag-noticias-principais","21":"tag-noticiasprincipais","22":"tag-principais-noticias","23":"tag-principaisnoticias","24":"tag-top-stories","25":"tag-topstories","26":"tag-ultimas","27":"tag-ultimas-noticias","28":"tag-ultimasnoticias","29":"tag-world","30":"tag-world-news","31":"tag-worldnews"},"share_on_mastodon":{"url":"https:\/\/pubeurope.com\/@pt\/115895634765776916","error":""},"_links":{"self":[{"href":"https:\/\/www.europesays.com\/pt\/wp-json\/wp\/v2\/posts\/228998","targetHints":{"allow":["GET"]}}],"collection":[{"href":"https:\/\/www.europesays.com\/pt\/wp-json\/wp\/v2\/posts"}],"about":[{"href":"https:\/\/www.europesays.com\/pt\/wp-json\/wp\/v2\/types\/post"}],"author":[{"embeddable":true,"href":"https:\/\/www.europesays.com\/pt\/wp-json\/wp\/v2\/users\/2"}],"replies":[{"embeddable":true,"href":"https:\/\/www.europesays.com\/pt\/wp-json\/wp\/v2\/comments?post=228998"}],"version-history":[{"count":0,"href":"https:\/\/www.europesays.com\/pt\/wp-json\/wp\/v2\/posts\/228998\/revisions"}],"wp:featuredmedia":[{"embeddable":true,"href":"https:\/\/www.europesays.com\/pt\/wp-json\/wp\/v2\/media\/228999"}],"wp:attachment":[{"href":"https:\/\/www.europesays.com\/pt\/wp-json\/wp\/v2\/media?parent=228998"}],"wp:term":[{"taxonomy":"category","embeddable":true,"href":"https:\/\/www.europesays.com\/pt\/wp-json\/wp\/v2\/categories?post=228998"},{"taxonomy":"post_tag","embeddable":true,"href":"https:\/\/www.europesays.com\/pt\/wp-json\/wp\/v2\/tags?post=228998"}],"curies":[{"name":"wp","href":"https:\/\/api.w.org\/{rel}","templated":true}]}}