{"id":229025,"date":"2026-01-14T22:04:08","date_gmt":"2026-01-14T22:04:08","guid":{"rendered":"https:\/\/www.europesays.com\/pt\/229025\/"},"modified":"2026-01-14T22:04:08","modified_gmt":"2026-01-14T22:04:08","slug":"quanto-o-agente-secreto-ja-arrecadou-em-bilheteria-r7-entretenimento","status":"publish","type":"post","link":"https:\/\/www.europesays.com\/pt\/229025\/","title":{"rendered":"Quanto \u2018O Agente Secreto\u2019 j\u00e1 arrecadou em bilheteria? \u2013 R7 Entretenimento"},"content":{"rendered":"<p><img decoding=\"async\" data-chromatic=\"ignore\" alt=\"\" class=\"c-image\" loading=\"lazy\" src=\"https:\/\/www.europesays.com\/pt\/wp-content\/uploads\/2026\/01\/L5M3L7FF35G3BHRFOFZOVOXYXY.jpeg\"  width=\"1030\" height=\"567\"\/>Arrecada\u00e7\u00e3o total do filme j\u00e1 superou os R$ 50 milh\u00f5es Reprodu\u00e7\u00e3o\\Instagram\\@kleber_mendonca_filho <\/p>\n<p class=\"jarvics:base-text-neutral-high-400 base-text-[calc(theme(fontSize.xs)_*_var(--font-size,_1))] base-font-normal base-font-primary base-text-neutral-low-500 base-text-left\"><a href=\"https:\/\/noticias.r7.com\/prisma\/autos-carros\/conheca-o-fusca-do-filme-o-agente-secreto-e-os-classicos-que-levaram-o-globo-de-ouro-14012026\/\" target=\"_self\" rel=\"nofollow noopener\" title=\"https:\/\/noticias.r7.com\/prisma\/autos-carros\/conheca-o-fusca-do-filme-o-agente-secreto-e-os-classicos-que-levaram-o-globo-de-ouro-14012026\/\">O Agente Secreto<\/a> est\u00e1 tendo uma carreira bem sucedida nas bilheterias brasileiras e internacionais. Segundo a Comscore, o longa de <a href=\"https:\/\/entretenimento.r7.com\/cinema\/o-agente-secreto-vence-globo-de-ouro-como-melhor-filme-de-lingua-nao-inglesa-12012026\/\" target=\"_blank\" rel=\"noreferrer nofollow noopener\" title=\"https:\/\/entretenimento.r7.com\/cinema\/o-agente-secreto-vence-globo-de-ouro-como-melhor-filme-de-lingua-nao-inglesa-12012026\/\">Kleber Mendon\u00e7a Filho<\/a> j\u00e1 faturou mais de R$ 27,7 milh\u00f5es (cerca de US$ 5 milh\u00f5es na cota\u00e7\u00e3o atual) apenas em territ\u00f3rio nacional.<\/p>\n<p class=\"jarvics:base-text-neutral-high-400 base-text-[calc(theme(fontSize.xs)_*_var(--font-size,_1))] base-font-normal base-font-primary base-text-neutral-low-500 base-text-left\">A bilheteria internacional do filme j\u00e1 chega a US$ 4,6 milh\u00f5es (cerca de R$ 24,7 milh\u00f5es), de acordo com dados do site Box Office Mojo.<\/p>\n<p class=\"jarvics:base-text-neutral-high-400 base-text-[calc(theme(fontSize.xs)_*_var(--font-size,_1))] base-font-normal base-font-primary base-text-neutral-low-500 base-text-left\">A soma total de arrecada\u00e7\u00e3o de O Agente Secreto est\u00e1 perto de US$ 10 milh\u00f5es, ou seja, em torno de <b>R$ 52,2 milh\u00f5es<\/b> na cota\u00e7\u00e3o atual.<\/p>\n<p class=\"jarvics:base-text-neutral-high-400 base-text-[calc(theme(fontSize.xs)_*_var(--font-size,_1))] base-font-normal base-font-primary base-text-neutral-low-500 base-text-left\">No \u00faltimo domingo (11), tanto O Agente Secreto quanto <a href=\"https:\/\/entretenimento.r7.com\/cinema\/wagner-moura-vence-globo-de-ouro-como-melhor-ator-em-filme-de-drama-12012026\/\" target=\"_blank\" rel=\"noreferrer nofollow noopener\" title=\"https:\/\/entretenimento.r7.com\/cinema\/wagner-moura-vence-globo-de-ouro-como-melhor-ator-em-filme-de-drama-12012026\/\">Wagner Moura<\/a>, protagonista do longa, venceram o <b>Globo de Ouro<\/b>. O filme acumula uma s\u00e9rie de indica\u00e7\u00f5es \u00e0 premia\u00e7\u00f5es em todo mundo e recentemente venceu o Critics\u2019 Choice Awards.<\/p>\n<p class=\"jarvics:base-text-neutral-high-400 base-text-[calc(theme(fontSize.xs)_*_var(--font-size,_1))] base-font-normal base-font-primary base-text-neutral-low-500 base-text-left\">Estes eventos antecedem o <a href=\"https:\/\/entretenimento.r7.com\/cinema\/oscar-2026-saiba-como-a-academia-escolhe-os-filmes-indicados-e-vencedores-14012026\/\" target=\"_blank\" rel=\"noreferrer nofollow noopener\" title=\"https:\/\/entretenimento.r7.com\/cinema\/oscar-2026-saiba-como-a-academia-escolhe-os-filmes-indicados-e-vencedores-14012026\/\">Oscar<\/a>, que acontece no dia 15 de mar\u00e7o em Los Angeles. Os indicados de cada categoria da premia\u00e7\u00e3o ainda n\u00e3o foram divulgados.<\/p>\n<p><video controls=\"\" class=\"video-js\" preload=\"metadata\" poster=\"https:\/\/d22yf0mxeu0gma.cloudfront.net\/01-12-2026\/t_b3ec71b8c3764187a36d6dbb8fb6beb3_name_file_960x540_1600_v4_.jpg\" title=\"'O Agente Secreto' vence dois pr\u00eamios no Globo de Ouro\" data-sprite-url=\"\" data-metadata=\"{&quot;title&quot;:&quot;'O Agente Secreto' vence dois pr\u00eamios no Globo de Ouro&quot;,&quot;sectionName&quot;:&quot;R7&quot;,&quot;mainSection&quot;:&quot;Cinema&quot;,&quot;subSection&quot;:&quot;&quot;,&quot;views&quot;:&quot;&quot;,&quot;disableAdv&quot;:&quot;false&quot;,&quot;createdDate&quot;:&quot;2026-01-12T19:23:42Z&quot;,&quot;mainSectionUrl&quot;:&quot;https:\/\/noticias.r7.com\/record-news\/conexao-record-news\/video\/o-agente-secreto-vence-dois-premios-no-globo-de-ouro-12012026\/&quot;,&quot;sectionPath&quot;:&quot;https:\/\/noticias.r7.com\/record-news\/conexao-record-news&quot;,&quot;ageRating&quot;:&quot;&quot;,&quot;ageRatingDescription&quot;:&quot;&quot;,&quot;duration&quot;:374528,&quot;playerUrl&quot;:&quot;https:\/\/noticias.r7.com\/player\/f016b338-f8f4-4524-97f7-d279ad7aa37c\/&quot;}\" data-player-params=\"{&quot;p&quot;:&quot;true&quot;,&quot;autoPlay&quot;:&quot;false&quot;,&quot;logo&quot;:&quot;true&quot;,&quot;playlistId&quot;:&quot;false&quot;,&quot;calhau&quot;:&quot;false&quot;,&quot;share&quot;:&quot;true&quot;,&quot;sz&quot;:&quot;false&quot;,&quot;full&quot;:&quot;true&quot;,&quot;customAdHash&quot;:&quot;\/7542\/R7entretenimento\/cinema&quot;,&quot;referrerUrl&quot;:&quot;&quot;,&quot;externalLinks&quot;:&quot;true&quot;,&quot;debug&quot;:&quot;false&quot;,&quot;debugHash&quot;:&quot;false&quot;,&quot;debugRelated&quot;:&quot;false&quot;,&quot;timerRelated&quot;:&quot;true&quot;,&quot;logoRecord&quot;:&quot;false&quot;,&quot;contextModal&quot;:&quot;false&quot;,&quot;parentUrl&quot;:&quot;https:\/\/record.r7.com\/&quot;,&quot;t&quot;:&quot;0&quot;,&quot;noTitle&quot;:false,&quot;endBehavior&quot;:&quot;default&quot;}\" data-related-videos=\"[{&quot;title&quot;:&quot;Ator se entrega \u00e0 pol\u00edcia ap\u00f3s mandado de pris\u00e3o&quot;,&quot;thumb&quot;:&quot;https:\/\/d22yf0mxeu0gma.cloudfront.net\/01-14-2026\/t_6cc2100d174e4c81ac687dce3d3059b4_name_pedofilo.jpg&quot;,&quot;url&quot;:&quot;https:\/\/noticias.r7.com\/record-news\/hora-news\/video\/ator-se-entrega-a-policia-apos-mandado-de-prisao-14012026\/&quot;,&quot;embedUrl&quot;:&quot;https:\/\/noticias.r7.com\/player\/4b302806-d676-48ee-aa63-24437ab6a3e5\/&quot;},{&quot;title&quot;:&quot;Cr\u00edtico de cinema avalia impactos de premia\u00e7\u00e3o hist\u00f3rica&quot;,&quot;thumb&quot;:&quot;https:\/\/d22yf0mxeu0gma.cloudfront.net\/01-13-2026\/t_11c3ca86e5884a51b1caeff649e07c35_name_globo_de_ouro.jpg&quot;,&quot;url&quot;:&quot;https:\/\/noticias.r7.com\/record-news\/news-das-10\/video\/critico-de-cinema-avalia-impactos-de-premiacao-historica-13012026\/&quot;,&quot;embedUrl&quot;:&quot;https:\/\/noticias.r7.com\/player\/48f4d57c-a919-4e4f-9464-3a3e65a707e2\/&quot;},{&quot;title&quot;:&quot;'O Agente Secreto' vence em duas categoria do Globo de Ouro&quot;,&quot;thumb&quot;:&quot;https:\/\/d22yf0mxeu0gma.cloudfront.net\/01-13-2026\/t_c8fa4a8be24c4ba0b9d7e22735a3345a_name_file_960x540_1600_v4_.jpg&quot;,&quot;url&quot;:&quot;https:\/\/noticias.r7.com\/record-news\/jornal-da-record-news\/video\/o-agente-secreto-vence-em-duas-categoria-do-globo-de-ouro-13012026\/&quot;,&quot;embedUrl&quot;:&quot;https:\/\/noticias.r7.com\/player\/53b5b94b-2b91-477e-9378-c8398599be05\/&quot;}]\" data-player-url=\"https:\/\/noticias.r7.com\/player\/f016b338-f8f4-4524-97f7-d279ad7aa37c\/\" data-arc-video=\"\" data-arc-id=\"f016b338-f8f4-4524-97f7-d279ad7aa37c\" data-short=\"false\" style=\"visibility:hidden\"><\/video><\/p>\n","protected":false},"excerpt":{"rendered":"Arrecada\u00e7\u00e3o total do filme j\u00e1 superou os R$ 50 milh\u00f5es Reprodu\u00e7\u00e3o\\Instagram\\@kleber_mendonca_filho O Agente Secreto est\u00e1 tendo uma carreira&hellip;\n","protected":false},"author":2,"featured_media":229026,"comment_status":"","ping_status":"","sticky":false,"template":"","format":"standard","meta":{"footnotes":""},"categories":[140],"tags":[6724,114,115,147,148,146,2158,1409,32,33,12348],"class_list":{"0":"post-229025","1":"post","2":"type-post","3":"status-publish","4":"format-standard","5":"has-post-thumbnail","7":"category-filmes","8":"tag-cinema-brasileiro","9":"tag-entertainment","10":"tag-entretenimento","11":"tag-film","12":"tag-filmes","13":"tag-movies","14":"tag-o-agente-secreto","15":"tag-oscar","16":"tag-portugal","17":"tag-pt","18":"tag-wagner-moura"},"share_on_mastodon":{"url":"https:\/\/pubeurope.com\/@pt\/115895721245827809","error":""},"_links":{"self":[{"href":"https:\/\/www.europesays.com\/pt\/wp-json\/wp\/v2\/posts\/229025","targetHints":{"allow":["GET"]}}],"collection":[{"href":"https:\/\/www.europesays.com\/pt\/wp-json\/wp\/v2\/posts"}],"about":[{"href":"https:\/\/www.europesays.com\/pt\/wp-json\/wp\/v2\/types\/post"}],"author":[{"embeddable":true,"href":"https:\/\/www.europesays.com\/pt\/wp-json\/wp\/v2\/users\/2"}],"replies":[{"embeddable":true,"href":"https:\/\/www.europesays.com\/pt\/wp-json\/wp\/v2\/comments?post=229025"}],"version-history":[{"count":0,"href":"https:\/\/www.europesays.com\/pt\/wp-json\/wp\/v2\/posts\/229025\/revisions"}],"wp:featuredmedia":[{"embeddable":true,"href":"https:\/\/www.europesays.com\/pt\/wp-json\/wp\/v2\/media\/229026"}],"wp:attachment":[{"href":"https:\/\/www.europesays.com\/pt\/wp-json\/wp\/v2\/media?parent=229025"}],"wp:term":[{"taxonomy":"category","embeddable":true,"href":"https:\/\/www.europesays.com\/pt\/wp-json\/wp\/v2\/categories?post=229025"},{"taxonomy":"post_tag","embeddable":true,"href":"https:\/\/www.europesays.com\/pt\/wp-json\/wp\/v2\/tags?post=229025"}],"curies":[{"name":"wp","href":"https:\/\/api.w.org\/{rel}","templated":true}]}}