{"id":229034,"date":"2026-01-14T22:10:09","date_gmt":"2026-01-14T22:10:09","guid":{"rendered":"https:\/\/www.europesays.com\/pt\/229034\/"},"modified":"2026-01-14T22:10:09","modified_gmt":"2026-01-14T22:10:09","slug":"eletricidade-qual-e-a-tarifa-mais-barata","status":"publish","type":"post","link":"https:\/\/www.europesays.com\/pt\/229034\/","title":{"rendered":"Eletricidade: qual \u00e9 a tarifa mais barata?"},"content":{"rendered":"<p>Se no <a href=\"https:\/\/www.deco.proteste.pt\/casa-energia\/eletricidade-gas\/noticias\/preco-eletricidade-tarifas-mercado-regulado-vao-aumentar-janeiro-2026\" rel=\"nofollow noopener\" target=\"_blank\">mercado regulado de eletricidade<\/a> o pre\u00e7o \u00e9 fixado pela Entidade Reguladora dos Servi\u00e7os Energ\u00e9ticos (ERSE) e varia pouco ao longo do ano, no mercado liberalizado de eletricidade o pre\u00e7o \u00e9 fixado por cada um dos comercializadores e depende dos seus custos, o que pode significar que, em cada altura do ano, o comercializador com os pre\u00e7os mais vantajosos difere.<\/p>\n<p>Para baixar a fatura da energia, al\u00e9m dos cuidados que, em princ\u00edpio, j\u00e1 tem, use o <a href=\"https:\/\/www.deco.proteste.pt\/casa-energia\/eletricidade-gas\/simulador\" target=\"_blank\" rel=\"nofollow noopener\">simulador da DECO PROteste<\/a>\u00a0para descobrir o fornecedor com as tarifas mais baixas: mude sempre que encontrar mais baixo. Nem sempre a tarifa regulada de eletricidade \u00e9 a op\u00e7\u00e3o mais econ\u00f3mica. O mesmo se aplica \u00e0 <a href=\"https:\/\/www.deco.proteste.pt\/casa-energia\/eletricidade-gas\/noticias\/gas-natural-qual-tarifa-mais-barata\" rel=\"nofollow noopener\" target=\"_blank\">tarifa regulada de g\u00e1s<\/a>. Se encontrar uma tarifa mais barata do que a que tem atualmente, pode sempre trocar de fornecedor.\u00a0<\/p>\n<p>Simule e opte pela tarifa mais baixa<\/p>\n<p>O <a href=\"https:\/\/www.deco.proteste.pt\/casa-energia\/eletricidade-gas\/simulador\" target=\"_blank\" rel=\"nofollow noopener\">simulador da DECO PROteste<\/a>\u00a0inclui cerca de 300 tarif\u00e1rios. Os resultados mostram a melhor op\u00e7\u00e3o para novas contrata\u00e7\u00f5es, que incluem mudan\u00e7a de comercializador. Se procura uma simula\u00e7\u00e3o r\u00e1pida, basta escolher um dos perfis predefinidos. <\/p>\n<p>J\u00e1 se pretende um resultado mais fiel ou se apenas quer saber se o seu tarif\u00e1rio ainda \u00e9 competitivo, ter\u00e1 de selecionar \u201cSei qual \u00e9 o meu consumo e quero detalhar\u201d, quando for perguntado \u201cQuais s\u00e3o os seus h\u00e1bitos de consumo?\u201d. A\u00ed, ter\u00e1 oportunidade de indicar os consumos reais da sua habita\u00e7\u00e3o (o ideal \u00e9 subtrair o consumo de duas faturas com um ano de diferen\u00e7a), bem como as tarifas, atuais ou a vigorar, do atual fornecedor. <\/p>\n<p>Aten\u00e7\u00e3o: se o seu tarif\u00e1rio atual tiver servi\u00e7os associados, deve ponderar se usufrui dos mesmos e se faz sentido mant\u00ea-los.\u00a0Deve ainda somar o montante anual que paga por estes servi\u00e7os ao valor apresentado pelo simulador.<\/p>\n<p>Quais as tarifas mais baratas em janeiro?<\/p>\n<p>A DECO PROteste fez os c\u00e1lculos para os dois perfis de consumo mais comuns na eletricidade, tendo em conta os pre\u00e7os a 12 de janeiro. Conhe\u00e7a os tarif\u00e1rios mais baratos, por fornecedor, em janeiro.<\/p>\n<p>    Eletricidade &#8211; Pot\u00eancia contratada de 3,45 kVA (consumo mensal 150 kWh, tarifa simples, sem condi\u00e7\u00f5es associadas)<\/p>\n<tr>\n            Fornecedor<br \/>\n            Tarif\u00e1rio<br \/>\n            Fatura mensal (\u20ac)<br \/>\n        <\/tr>\n<tr>\n<td class=\"middle\">VANTAGEM+ eletricidade <\/td>\n<td class=\"middle\">32,23 \u20ac<\/td>\n<\/tr>\n<tr>\n<td class=\"middle\">Eletricidade Digital 2025 campanha 20% fatura<\/td>\n<td class=\"middle\">32,32\u00a0\u20ac<\/td>\n<\/tr>\n<tr>\n<td class=\"middle\">Casa &amp; Estrada Eletricidade Verde &amp; Combust\u00edvel &#8211; Exclusivo Subscritores DECO PROteste<\/td>\n<td class=\"middle\">34,37\u00a0\u20ac<\/td>\n<\/tr>\n<tr>\n<td class=\"middle\">Solu\u00e7\u00e3o Conforto<\/td>\n<td class=\"middle\">34,53\u00a0\u20ac<\/td>\n<\/tr>\n<tr>\n<td class=\"middle\">Tarifa regulada<\/td>\n<td class=\"middle\">35,87\u00a0\u20ac<\/td>\n<\/tr>\n<p>    Eletricidade &#8211; Pot\u00eancia contratada 6,9 kVA <br \/>(consumo mensal 400 kWh, tarifa simples, sem condi\u00e7\u00f5es associadas)    <\/p>\n<tr>\n            Fornecedor<br \/>\n            Tarif\u00e1rio\u00a0<br \/>\n            Fatura mensal (\u20ac)<br \/>\n        <\/tr>\n<tr>\n<td class=\"middle\">Eletricidade Digital 2025 campanha 20% fatura<\/td>\n<td class=\"middle\">82,13 \u20ac<\/td>\n<\/tr>\n<tr>\n<td class=\"middle\">VANTAGEM+ eletricidade <\/td>\n<td class=\"middle\">82,17\u00a0\u20ac<\/td>\n<\/tr>\n<tr>\n<td class=\"middle\">Tarifa F\u00e1cil &#8211; Eletricidade<\/td>\n<td class=\"middle\">88,51\u00a0\u20ac<\/td>\n<\/tr>\n<tr>\n<td class=\"middle\">Solu\u00e7\u00e3o Conforto<\/td>\n<td class=\"middle\">88,58\u00a0\u20ac<\/td>\n<\/tr>\n<tr>\n<td class=\"middle\">Mais Digital<\/td>\n<td class=\"middle\">91,15\u00a0\u20ac<\/td>\n<\/tr>\n<tr>\n<td class=\"middle\">Casa &amp; Estrada Eletricidade Verde &amp; Combust\u00edvel &#8211; Exclusivo Subscritores DECO PROteste<\/td>\n<td class=\"middle\">92,67\u00a0\u20ac<\/td>\n<\/tr>\n<tr>\n<td class=\"middle\">Tarifa regulada<\/td>\n<td class=\"middle\">93,04\u00a0\u20ac<\/td>\n<\/tr>\n<p>Podem existir tarif\u00e1rios mais baratos do que os apresentados, mas obrigam a que sejam respeitadas certas condi\u00e7\u00f5es para aderir, como ter a recomenda\u00e7\u00e3o de um amigo que j\u00e1 seja cliente, ter contrato num operador espec\u00edfico de telecomunica\u00e7\u00f5es ou ser associado de alguma organiza\u00e7\u00e3o. Ainda assim, pode consider\u00e1-las como alternativa na escolha de um novo fornecedor, caso tenha as condi\u00e7\u00f5es necess\u00e1rias para as contratar sem incorrer em mais despesas.\u00a0Encontra todas estas op\u00e7\u00f5es no\u00a0<a href=\"https:\/\/www.deco.proteste.pt\/casa-energia\/eletricidade-gas\/simulador\" rel=\"nofollow noopener\" target=\"_blank\">simulador<\/a>\u00a0de energia da DECO PROteste.<\/p>\n","protected":false},"excerpt":{"rendered":"Se no mercado regulado de eletricidade o pre\u00e7o \u00e9 fixado pela Entidade Reguladora dos Servi\u00e7os Energ\u00e9ticos (ERSE) e&hellip;\n","protected":false},"author":2,"featured_media":229035,"comment_status":"","ping_status":"","sticky":false,"template":"","format":"standard","meta":{"footnotes":""},"categories":[83],"tags":[88,89,44004,90,32,33],"class_list":{"0":"post-229034","1":"post","2":"type-post","3":"status-publish","4":"format-standard","5":"has-post-thumbnail","7":"category-empresas","8":"tag-business","9":"tag-economy","10":"tag-eletricidade-gas-natural-gas-natural-tarifa-regulada-mercado-liberalizado-barragens","11":"tag-empresas","12":"tag-portugal","13":"tag-pt"},"share_on_mastodon":{"url":"https:\/\/pubeurope.com\/@pt\/115895744739454501","error":""},"_links":{"self":[{"href":"https:\/\/www.europesays.com\/pt\/wp-json\/wp\/v2\/posts\/229034","targetHints":{"allow":["GET"]}}],"collection":[{"href":"https:\/\/www.europesays.com\/pt\/wp-json\/wp\/v2\/posts"}],"about":[{"href":"https:\/\/www.europesays.com\/pt\/wp-json\/wp\/v2\/types\/post"}],"author":[{"embeddable":true,"href":"https:\/\/www.europesays.com\/pt\/wp-json\/wp\/v2\/users\/2"}],"replies":[{"embeddable":true,"href":"https:\/\/www.europesays.com\/pt\/wp-json\/wp\/v2\/comments?post=229034"}],"version-history":[{"count":0,"href":"https:\/\/www.europesays.com\/pt\/wp-json\/wp\/v2\/posts\/229034\/revisions"}],"wp:featuredmedia":[{"embeddable":true,"href":"https:\/\/www.europesays.com\/pt\/wp-json\/wp\/v2\/media\/229035"}],"wp:attachment":[{"href":"https:\/\/www.europesays.com\/pt\/wp-json\/wp\/v2\/media?parent=229034"}],"wp:term":[{"taxonomy":"category","embeddable":true,"href":"https:\/\/www.europesays.com\/pt\/wp-json\/wp\/v2\/categories?post=229034"},{"taxonomy":"post_tag","embeddable":true,"href":"https:\/\/www.europesays.com\/pt\/wp-json\/wp\/v2\/tags?post=229034"}],"curies":[{"name":"wp","href":"https:\/\/api.w.org\/{rel}","templated":true}]}}