{"id":229056,"date":"2026-01-14T22:26:11","date_gmt":"2026-01-14T22:26:11","guid":{"rendered":"https:\/\/www.europesays.com\/pt\/229056\/"},"modified":"2026-01-14T22:26:11","modified_gmt":"2026-01-14T22:26:11","slug":"camara-de-ponte-de-lima-obrigada-pelo-tribunal-a-integrar-funcionario","status":"publish","type":"post","link":"https:\/\/www.europesays.com\/pt\/229056\/","title":{"rendered":"C\u00e2mara de Ponte de Lima obrigada pelo Tribunal a integrar funcion\u00e1rio"},"content":{"rendered":"<p data-remotead-prev-elm=\"true\" data-remotead-elm-id=\"inread\">O presidente Vasco Ferraz lamenta que o Munic\u00edpio de Ponte de Lima tenha sido envolvido num processo que conheceu, agora, a senten\u00e7a em \u00faltima inst\u00e2ncia do Tribunal da Rela\u00e7\u00e3o de Guimar\u00e3es, &#8220;sem nunca ter tido qualquer vinculo&#8221; com o funcion\u00e1rio, j\u00e1 que, h\u00e1 \u00e9poca, a gest\u00e3o da cantina da Escola B\u00e1sica da Correlh\u00e3 estava sob a tutela do Estado Central. &#8220;Esta \u00e9 das senten\u00e7as mais injustas de todos os tempos. Na minha opini\u00e3o, at\u00e9 \u00e9 a abertura de um precedente brutal&#8221;, declarou o autarca ao JN.<\/p>\n","protected":false},"excerpt":{"rendered":"O presidente Vasco Ferraz lamenta que o Munic\u00edpio de Ponte de Lima tenha sido envolvido num processo que&hellip;\n","protected":false},"author":2,"featured_media":229057,"comment_status":"","ping_status":"","sticky":false,"template":"","format":"standard","meta":{"footnotes":""},"categories":[10],"tags":[44011,27,28,44009,30427,15,16,14,25,26,21,22,12,13,19,20,32,23,24,33,44010,17,18,299,1456,29,30,31],"class_list":{"0":"post-229056","1":"post","2":"type-post","3":"status-publish","4":"format-standard","5":"has-post-thumbnail","7":"category-portugal","8":"tag-restaurantes-e-similares-do-norte","9":"tag-breaking-news","10":"tag-breakingnews","11":"tag-camara-de-ponte-de-lima","12":"tag-concelho-ponte-de-lima","13":"tag-featured-news","14":"tag-featurednews","15":"tag-headlines","16":"tag-latest-news","17":"tag-latestnews","18":"tag-main-news","19":"tag-mainnews","20":"tag-news","21":"tag-noticias","22":"tag-noticias-principais","23":"tag-noticiasprincipais","24":"tag-portugal","25":"tag-principais-noticias","26":"tag-principaisnoticias","27":"tag-pt","28":"tag-sindicato-dos-trabalhadores-da-industria-de-hotelaria","29":"tag-top-stories","30":"tag-topstories","31":"tag-tribunal","32":"tag-turismo","33":"tag-ultimas","34":"tag-ultimas-noticias","35":"tag-ultimasnoticias"},"share_on_mastodon":{"url":"","error":"Validation failed: Text character limit of 500 exceeded"},"_links":{"self":[{"href":"https:\/\/www.europesays.com\/pt\/wp-json\/wp\/v2\/posts\/229056","targetHints":{"allow":["GET"]}}],"collection":[{"href":"https:\/\/www.europesays.com\/pt\/wp-json\/wp\/v2\/posts"}],"about":[{"href":"https:\/\/www.europesays.com\/pt\/wp-json\/wp\/v2\/types\/post"}],"author":[{"embeddable":true,"href":"https:\/\/www.europesays.com\/pt\/wp-json\/wp\/v2\/users\/2"}],"replies":[{"embeddable":true,"href":"https:\/\/www.europesays.com\/pt\/wp-json\/wp\/v2\/comments?post=229056"}],"version-history":[{"count":0,"href":"https:\/\/www.europesays.com\/pt\/wp-json\/wp\/v2\/posts\/229056\/revisions"}],"wp:featuredmedia":[{"embeddable":true,"href":"https:\/\/www.europesays.com\/pt\/wp-json\/wp\/v2\/media\/229057"}],"wp:attachment":[{"href":"https:\/\/www.europesays.com\/pt\/wp-json\/wp\/v2\/media?parent=229056"}],"wp:term":[{"taxonomy":"category","embeddable":true,"href":"https:\/\/www.europesays.com\/pt\/wp-json\/wp\/v2\/categories?post=229056"},{"taxonomy":"post_tag","embeddable":true,"href":"https:\/\/www.europesays.com\/pt\/wp-json\/wp\/v2\/tags?post=229056"}],"curies":[{"name":"wp","href":"https:\/\/api.w.org\/{rel}","templated":true}]}}