{"id":229114,"date":"2026-01-14T23:04:10","date_gmt":"2026-01-14T23:04:10","guid":{"rendered":"https:\/\/www.europesays.com\/pt\/229114\/"},"modified":"2026-01-14T23:04:10","modified_gmt":"2026-01-14T23:04:10","slug":"o-regresso-de-michel-houellebecq-nao-se-faz-com-um-novo-livro-mas-com-um-album-franca","status":"publish","type":"post","link":"https:\/\/www.europesays.com\/pt\/229114\/","title":{"rendered":"O regresso de Michel Houellebecq n\u00e3o se faz com um novo livro, mas com um \u00e1lbum | Fran\u00e7a"},"content":{"rendered":"<p><a href=\"https:\/\/www.publico.pt\/michel-houellebecq\" rel=\"nofollow noopener\" target=\"_blank\">Michel Houellebecq<\/a>, o quase septuagen\u00e1rio enfant terrible das letras francesas, vai regressar dia 6 de Mar\u00e7o a um curso paralelo \u00e0 sua carreira de escritor. Souvenez-vous de l\u2019Homme \u00e9 o t\u00edtulo do seu novo \u00e1lbum. Anteriormente, a sua incurs\u00e3o mais recente pela m\u00fasica gravada resultara em \u00c9tablissement d\u2019un Ciel d\u2019Alternance (2007). O novo \u00e1lbum, em que Houellebecq \u00e9, como habitualmente, n\u00e3o cantor, mas declamador, ser\u00e1 antecedido a 28 de Janeiro pelo single Ils chevauchaient le vent, lan\u00e7ado dois dias depois da celebra\u00e7\u00e3o do seu 70.\u00ba anivers\u00e1rio.<\/p>\n<p>Gravado com Fr\u00e9d\u00e9ric Lo, cantautor e produtor franc\u00eas que ouvimos em 2022 ao lado de Pete Doherty no \u00e1lbum The Fantasy Life of Poetry &amp; Crime, o novo disco de Houellebecq ser\u00e1 apresentado em Abril, com dez concertos marcados para o La Scala, em Paris, antes do in\u00edcio de uma digress\u00e3o, noticia o di\u00e1rio franc\u00eas Le Figaro. Souvenez-vous de l\u2019Homme \u00e9 composto por doze faixas e, sendo certo que nela ouviremos o tom grave da voz de Houellebecq a declamar os seus textos, aguarda-se o primeiro single para perceber se a nova m\u00fasica seguir\u00e1 a linha ambiental electr\u00f3nica com que se apresentou h\u00e1 tr\u00eas anos no festival Printemps de Bourges.<\/p>\n<p>Distinguido com o <a href=\"https:\/\/www.publico.pt\/2010\/11\/08\/culturaipsilon\/noticia\/michel-houellebecq-recebe-o-premio-goncourt--269050\" rel=\"nofollow noopener\" target=\"_blank\">Pr\u00e9mio Goncourt<\/a> em 2010, por <a href=\"https:\/\/www.publico.pt\/2011\/09\/15\/culturaipsilon\/noticia\/onde-esta-o-escritor-michel-houellebecq-293327\" rel=\"nofollow noopener\" target=\"_blank\">O Mapa e o Territ\u00f3rio<\/a>, autor de Part\u00edculas Elementares, <a href=\"https:\/\/www.publico.pt\/2015\/01\/07\/culturaipsilon\/noticia\/submissao-nao-antes-demissao-1681495\" rel=\"nofollow noopener\" target=\"_blank\">Submiss\u00e3o<\/a> ou <a href=\"https:\/\/www.publico.pt\/2005\/11\/04\/jornal\/o-mundo-sem-morte--de-michel-houellebecq-47079\" rel=\"nofollow noopener\" target=\"_blank\">A Possibilidade de um Ilha<\/a>, o romancista e poeta tem como obra mais recente o registo autobiogr\u00e1fico <a href=\"https:\/\/www.publico.pt\/2023\/08\/03\/culturaipsilon\/noticia\/livro-houellebecq-polemica-participacao-filme-porno-chega-portugal-2059115\" rel=\"nofollow noopener\" target=\"_blank\">Alguns Meses na Minha Vida<\/a>, publicado em Portugal pela Guerra &amp; Paz, em 2023. Nele, relata e justifica as duas pol\u00e9micas centrais nos anos imediatamente anteriores, o da sua participa\u00e7\u00e3o num filme pornogr\u00e1fico, realizado pelo Kirac, colectivo de artistas neerland\u00eas, que acabou com um processo em tribunal interposto por Houellebecq, e novas declara\u00e7\u00f5es incendi\u00e1rias, proferidas numa entrevista com o fil\u00f3sofo Michael Onfray.<\/p>\n<p>        &#13;<\/p>\n<p>&#13;<br \/>\n                &#13;\n            <\/p>\n<p>&#13;<\/p>\n<p>Nela, defendia a teoria da \u201c<a href=\"https:\/\/www.publico.pt\/2022\/05\/19\/opiniao\/opiniao\/supremacia-branca-mentira-2006744#\" rel=\"nofollow noopener\" target=\"_blank\">grande substitui\u00e7\u00e3o<\/a>\u201d emanada dos confins conspirat\u00f3rios da Internet e utilizada como arma de propaganda pela extrema-direita europeia e norte-americana, e previa, em tom apocal\u00edptico, o eclodir de uma guerra civil em Fran\u00e7a. &#8220;Quando territ\u00f3rios inteiros estiverem sob controlo isl\u00e2mico, penso que haver\u00e1 actos de resist\u00eancia. Haver\u00e1 ataques e tiroteios em mesquitas&#8221;, afirmou. As declara\u00e7\u00f5es valeram-lhe um processo judicial por parte do im\u00e3 da mesquita de Paris.<\/p>\n<p>Em Alguns Meses na Minha Vida, o \u201cescritor admite oscilar entre a depress\u00e3o e o arrependimento\u201d, escrev\u00edamos quando foi anunciado o seu lan\u00e7amento em Portugal. Na sua reflex\u00e3o, distingue a pr\u00e1tica religiosa mu\u00e7ulmana do extremismo isl\u00e2mico e pede perd\u00e3o pelo preju\u00edzo que as suas palavras possam ter causado \u00e0 comunidade mu\u00e7ulmana em Fran\u00e7a.<\/p>\n<p>        &#13;<\/p>\n<p>&#13;<br \/>\n                &#13;\n            <\/p>\n<p>&#13;<\/p>\n<p>Agora, ser\u00e1 tempo de regressar \u00e0 m\u00fasica e \u00e0 poesia. Souvenez-vous de l\u2019Homme ser\u00e1 o quarto \u00e1lbum de Michel Houllebecq. \u00c9 antecedido por Le Sens du Combat (1996), a sua voz sobre m\u00fasica improvisada de Jean-Jacques Birg\u00e9 e Martine Viard, Pr\u00e9sence Humaine, com m\u00fasica de Bertrand Burgalat, e o supracitado \u00c9tablissement d\u2019un Ciel d\u2019Alternance, criado com o compositor Jean-Jacques Birg\u00e9.<\/p>\n","protected":false},"excerpt":{"rendered":"Michel Houellebecq, o quase septuagen\u00e1rio enfant terrible das letras francesas, vai regressar dia 6 de Mar\u00e7o a um&hellip;\n","protected":false},"author":2,"featured_media":229115,"comment_status":"","ping_status":"","sticky":false,"template":"","format":"standard","meta":{"footnotes":""},"categories":[85],"tags":[315,1413,114,115,874,208,864,44019,150,6109,32,33],"class_list":{"0":"post-229114","1":"post","2":"type-post","3":"status-publish","4":"format-standard","5":"has-post-thumbnail","7":"category-entretenimento","8":"tag-cultura","9":"tag-cultura-ipsilon","10":"tag-entertainment","11":"tag-entretenimento","12":"tag-escritor","13":"tag-franca","14":"tag-literatura","15":"tag-michel-houellebecq","16":"tag-musica","17":"tag-poesia","18":"tag-portugal","19":"tag-pt"},"share_on_mastodon":{"url":"https:\/\/pubeurope.com\/@pt\/115895957410254423","error":""},"_links":{"self":[{"href":"https:\/\/www.europesays.com\/pt\/wp-json\/wp\/v2\/posts\/229114","targetHints":{"allow":["GET"]}}],"collection":[{"href":"https:\/\/www.europesays.com\/pt\/wp-json\/wp\/v2\/posts"}],"about":[{"href":"https:\/\/www.europesays.com\/pt\/wp-json\/wp\/v2\/types\/post"}],"author":[{"embeddable":true,"href":"https:\/\/www.europesays.com\/pt\/wp-json\/wp\/v2\/users\/2"}],"replies":[{"embeddable":true,"href":"https:\/\/www.europesays.com\/pt\/wp-json\/wp\/v2\/comments?post=229114"}],"version-history":[{"count":0,"href":"https:\/\/www.europesays.com\/pt\/wp-json\/wp\/v2\/posts\/229114\/revisions"}],"wp:featuredmedia":[{"embeddable":true,"href":"https:\/\/www.europesays.com\/pt\/wp-json\/wp\/v2\/media\/229115"}],"wp:attachment":[{"href":"https:\/\/www.europesays.com\/pt\/wp-json\/wp\/v2\/media?parent=229114"}],"wp:term":[{"taxonomy":"category","embeddable":true,"href":"https:\/\/www.europesays.com\/pt\/wp-json\/wp\/v2\/categories?post=229114"},{"taxonomy":"post_tag","embeddable":true,"href":"https:\/\/www.europesays.com\/pt\/wp-json\/wp\/v2\/tags?post=229114"}],"curies":[{"name":"wp","href":"https:\/\/api.w.org\/{rel}","templated":true}]}}