{"id":229116,"date":"2026-01-14T23:05:07","date_gmt":"2026-01-14T23:05:07","guid":{"rendered":"https:\/\/www.europesays.com\/pt\/229116\/"},"modified":"2026-01-14T23:05:07","modified_gmt":"2026-01-14T23:05:07","slug":"personal-intelligence-integra-gemini-aos-apps-do-google","status":"publish","type":"post","link":"https:\/\/www.europesays.com\/pt\/229116\/","title":{"rendered":"Personal Intelligence integra Gemini aos apps do Google"},"content":{"rendered":"<p>O <a href=\"https:\/\/www.mobiletime.com.br\/?s=Google\" target=\"_blank\" rel=\"noopener nofollow\"><strong>Google<\/strong><\/a> lan\u00e7ou nos Estados Unidos nesta quarta-feira, 14, a integra\u00e7\u00e3o do <a href=\"https:\/\/www.mobiletime.com.br\/?s=Gemini\" target=\"_blank\" rel=\"noopener nofollow\"><strong>Gemini<\/strong><\/a> nos aplicativos da big tech, como Gmail e Google Photos. A ideia do <strong>Personal Intelligence<\/strong> (Intelig\u00eancia Pessoal, na tradu\u00e7\u00e3o livre), nome dado \u00e0 ferramenta e que ainda est\u00e1 em vers\u00e3o beta, \u00e9 deixar a intelig\u00eancia artificial generativa personalizada e proativa para aquele usu\u00e1rio.<\/p>\n<p>Para responder de forma precisa e personalizada, o Personal Intelligence busca informa\u00e7\u00f5es em e-mails e imagens guardadas nesses apps de forma complexa, inclusive com a possibilidade de recuperar detalhes espec\u00edficos nessas m\u00eddias, como um e-mail onde est\u00e1 o n\u00famero de um documento ou selecionar op\u00e7\u00f5es de compra de pneus de acordo com as fotos do carro do usu\u00e1rio que est\u00e3o no app Photos. No\u00a0 fim, a solu\u00e7\u00e3o trabalha com imagens, v\u00eddeos e textos para oferecer respostas.<\/p>\n<p><strong>Privacidade no Personal Intelligence<\/strong><\/p>\n<p>A big tech garante a seguran\u00e7a na conex\u00e3o dos dados aos aplicativos. Ser\u00e1 poss\u00edvel controlar quais apps poder\u00e3o ser integrados. Al\u00e9m do Gmail e do Photos, tamb\u00e9m \u00e9 poss\u00edvel conectar com Youtube e Busca.<\/p>\n<p>\u00c9 preciso que o usu\u00e1rio ative a funcionalidade para que o Gemini se conecte com os aplicativos. A ferramenta vem desativada por padr\u00e3o. Ao escolher ativ\u00e1-la, a pessoa deve decidir quais aplicativos a IA ter\u00e1 acesso. Neste caso, o Gemini acessa os dados para oferecer uma resposta a uma pergunta ou solicita\u00e7\u00e3o espec\u00edfica, assim como para realizar tarefas. E, vale lembrar, os dados j\u00e1 est\u00e3o armazenados no Google, ou seja, n\u00e3o \u00e9 necess\u00e1rio enviar informa\u00e7\u00f5es sens\u00edveis para fora deste ambiente.<\/p>\n<p>Ao responder, o Gemini dever\u00e1 enviar as refer\u00eancias para o usu\u00e1rio ou explicar as informa\u00e7\u00f5es usadas a partir de fontes conectadas pela pessoa para verifica\u00e7\u00e3o. Caso n\u00e3o fizer isso, o usu\u00e1rio dever\u00e1 pedir mais detalhes. E caso uma resposta n\u00e3o fizer sentido ou parecer uma \u201calucina\u00e7\u00e3o\u201d, a pessoa deve corrigi-lo ou lembra-lo de algum detalhe que deve ter esquecido.<\/p>\n<p>No caso de dados sens\u00edveis, como sobre sa\u00fade, o Gemini at\u00e9 poder\u00e1 discuti-los com o usu\u00e1rio \u2013 caso ele solicite \u2013 mas vai evitar de fazer suposi\u00e7\u00f5es proativas a respeito.<\/p>\n<p>O Google afirma que o treinamento da IA \u00e9 feito com os prompts escritos pelos usu\u00e1rios e pelas respostas do modelo (os feedbacks, por exemplo) e n\u00e3o da caixa de entrada do Gmail ou das fotos no Google Photos.<\/p>\n<p>O Personal Intelligence est\u00e1 dispon\u00edvel a partir desta quarta para assinantes eleg\u00edveis do Google AI Pro e AI Ultra nos EUA. Ao ativ\u00e1-lo, ele funcionar\u00e1 na Web, Android e iOS e com todos os modelos Gemini. E sua vers\u00e3o beta permitir\u00e1 que usu\u00e1rios deem feedbacks.<\/p>\n<p>\u00a0<\/p>\n<p><strong>*********************************<\/strong><\/p>\n<p class=\"p1\"><strong>Receba gratuitamente a newsletter do Mobile Time e fique bem informado sobre tecnologia m\u00f3vel e neg\u00f3cios. <a href=\"https:\/\/www.mobiletime.com.br\/newsletter\/?swcfpc=1\" target=\"_blank\" rel=\"noopener nofollow\">Cadastre-se aqui!<\/a><\/strong><\/p>\n<p><strong>E siga o canal do Mobile Time no <a href=\"https:\/\/whatsapp.com\/channel\/0029Va9kHLiCXC3KvpP0li2f\" target=\"_blank\" rel=\"noopener nofollow\">WhatsApp!<\/a><\/strong><\/p>\n","protected":false},"excerpt":{"rendered":"O Google lan\u00e7ou nos Estados Unidos nesta quarta-feira, 14, a integra\u00e7\u00e3o do Gemini nos aplicativos da big tech,&hellip;\n","protected":false},"author":2,"featured_media":229117,"comment_status":"","ping_status":"","sticky":false,"template":"","format":"standard","meta":{"footnotes":""},"categories":[84],"tags":[109,107,108,32,33,105,103,104,106,110],"class_list":{"0":"post-229116","1":"post","2":"type-post","3":"status-publish","4":"format-standard","5":"has-post-thumbnail","7":"category-ciencia-e-tecnologia","8":"tag-ciencia","9":"tag-ciencia-e-tecnologia","10":"tag-cienciaetecnologia","11":"tag-portugal","12":"tag-pt","13":"tag-science","14":"tag-science-and-technology","15":"tag-scienceandtechnology","16":"tag-technology","17":"tag-tecnologia"},"share_on_mastodon":{"url":"https:\/\/pubeurope.com\/@pt\/115895961041415234","error":""},"_links":{"self":[{"href":"https:\/\/www.europesays.com\/pt\/wp-json\/wp\/v2\/posts\/229116","targetHints":{"allow":["GET"]}}],"collection":[{"href":"https:\/\/www.europesays.com\/pt\/wp-json\/wp\/v2\/posts"}],"about":[{"href":"https:\/\/www.europesays.com\/pt\/wp-json\/wp\/v2\/types\/post"}],"author":[{"embeddable":true,"href":"https:\/\/www.europesays.com\/pt\/wp-json\/wp\/v2\/users\/2"}],"replies":[{"embeddable":true,"href":"https:\/\/www.europesays.com\/pt\/wp-json\/wp\/v2\/comments?post=229116"}],"version-history":[{"count":0,"href":"https:\/\/www.europesays.com\/pt\/wp-json\/wp\/v2\/posts\/229116\/revisions"}],"wp:featuredmedia":[{"embeddable":true,"href":"https:\/\/www.europesays.com\/pt\/wp-json\/wp\/v2\/media\/229117"}],"wp:attachment":[{"href":"https:\/\/www.europesays.com\/pt\/wp-json\/wp\/v2\/media?parent=229116"}],"wp:term":[{"taxonomy":"category","embeddable":true,"href":"https:\/\/www.europesays.com\/pt\/wp-json\/wp\/v2\/categories?post=229116"},{"taxonomy":"post_tag","embeddable":true,"href":"https:\/\/www.europesays.com\/pt\/wp-json\/wp\/v2\/tags?post=229116"}],"curies":[{"name":"wp","href":"https:\/\/api.w.org\/{rel}","templated":true}]}}