{"id":229120,"date":"2026-01-14T23:08:09","date_gmt":"2026-01-14T23:08:09","guid":{"rendered":"https:\/\/www.europesays.com\/pt\/229120\/"},"modified":"2026-01-14T23:08:09","modified_gmt":"2026-01-14T23:08:09","slug":"a-suica-portuguesa-que-esta-a-encantar-o-mundo-noticias-de-coimbra","status":"publish","type":"post","link":"https:\/\/www.europesays.com\/pt\/229120\/","title":{"rendered":"A \u201cSu\u00ed\u00e7a Portuguesa\u201d que est\u00e1 a encantar o mundo \u2013 Not\u00edcias de Coimbra"},"content":{"rendered":"<p><strong>Portugal voltou a destacar-se no mapa mundial do turismo rural. Tr\u00eas aldeias portuguesas \u2013 Loriga, M\u00e9rtola e Vila Nogueira de Azeit\u00e3o \u2013 foram recentemente distinguidas como \u201cBest Tourism Villages\u201d pela Organiza\u00e7\u00e3o das Na\u00e7\u00f5es Unidas para o Turismo (UN Tourism).<\/strong><\/p>\n<p>PUBLICIDADE<\/p>\n<p>\t\t\t\t\t\t<a class=\"publicidade-imagem d-flex justify-content-center\" href=\"https:\/\/www.recenseamento.pt\/?utm_source=noticiasdecoimbrapt&amp;utm_medium=display&amp;utm_content=mrec&amp;utm_campaign=presidenciais26_primeiravolta\" rel=\"nofollow noopener\" target=\"_blank\"><br \/>\n\t\t\t\t\t\t  <img loading=\"lazy\" width=\"300\" height=\"250\" decoding=\"async\" src=\"https:\/\/www.europesays.com\/pt\/wp-content\/uploads\/2026\/01\/MOP-6seg-300x250_1.gif\" alt=\"publicidade\" class=\"img-fluid\"\/><br \/>\n\t\t\t\t\t\t<\/a><\/p>\n<p>Esta distin\u00e7\u00e3o n\u00e3o s\u00f3 traz prest\u00edgio e orgulho para as localidades, como tamb\u00e9m reconhece o seu esfor\u00e7o em conciliar autenticidade cultural, preserva\u00e7\u00e3o hist\u00f3rica e desenvolvimento sustent\u00e1vel, tornando-as exemplos globais de turismo respons\u00e1vel.<\/p>\n<p>Situada a mais de 700 metros de altitude, no cora\u00e7\u00e3o da Serra da Estrela, Loriga destaca-se pela sua arquitetura de granito, socalcos agr\u00edcolas e \u00e1gua cristalina. Conhecida como a \u201cSu\u00ed\u00e7a Portuguesa\u201d, a aldeia encanta visitantes com paisagens alpinas e uma atmosfera t\u00edpica de vila de montanha, onde natureza e tradi\u00e7\u00e3o caminham lado a lado, pode ler-se no <a href=\"https:\/\/www.idealista.pt\/news\/ferias\/turismo\/2026\/01\/14\/72774-tres-aldeias-portuguesas-distinguidas-como-as-melhores-do-mundo#e80c1e9691bbb0f4a1e859db5edf6da25\" rel=\"nofollow noopener\" target=\"_blank\">Idealista<\/a>.<\/p>\n<p>Visitar Loriga \u00e9 uma viagem \u00e0 simplicidade: percorrer ruas de pedra, ouvir o ribeiro a correr e sentir a serenidade que s\u00f3 quem vive entre montanhas conhece. O reconhecimento internacional refor\u00e7a ainda o seu potencial para o ecoturismo, atraindo quem procura experi\u00eancias aut\u00eanticas, longe dos roteiros tur\u00edsticos mais massificados.<\/p>\n<p>Com esta distin\u00e7\u00e3o, Portugal refor\u00e7a o seu lugar no turismo rural global, mostrando que pequenas aldeias podem ter um impacto grande no cen\u00e1rio internacional do turismo sustent\u00e1vel.<\/p>\n","protected":false},"excerpt":{"rendered":"Portugal voltou a destacar-se no mapa mundial do turismo rural. Tr\u00eas aldeias portuguesas \u2013 Loriga, M\u00e9rtola e Vila&hellip;\n","protected":false},"author":2,"featured_media":229121,"comment_status":"","ping_status":"","sticky":false,"template":"","format":"standard","meta":{"footnotes":""},"categories":[10],"tags":[27,28,15,16,14,25,26,21,22,12,13,19,20,32,23,24,33,17,18,29,30,31],"class_list":{"0":"post-229120","1":"post","2":"type-post","3":"status-publish","4":"format-standard","5":"has-post-thumbnail","7":"category-portugal","8":"tag-breaking-news","9":"tag-breakingnews","10":"tag-featured-news","11":"tag-featurednews","12":"tag-headlines","13":"tag-latest-news","14":"tag-latestnews","15":"tag-main-news","16":"tag-mainnews","17":"tag-news","18":"tag-noticias","19":"tag-noticias-principais","20":"tag-noticiasprincipais","21":"tag-portugal","22":"tag-principais-noticias","23":"tag-principaisnoticias","24":"tag-pt","25":"tag-top-stories","26":"tag-topstories","27":"tag-ultimas","28":"tag-ultimas-noticias","29":"tag-ultimasnoticias"},"share_on_mastodon":{"url":"https:\/\/pubeurope.com\/@pt\/115895972938543263","error":""},"_links":{"self":[{"href":"https:\/\/www.europesays.com\/pt\/wp-json\/wp\/v2\/posts\/229120","targetHints":{"allow":["GET"]}}],"collection":[{"href":"https:\/\/www.europesays.com\/pt\/wp-json\/wp\/v2\/posts"}],"about":[{"href":"https:\/\/www.europesays.com\/pt\/wp-json\/wp\/v2\/types\/post"}],"author":[{"embeddable":true,"href":"https:\/\/www.europesays.com\/pt\/wp-json\/wp\/v2\/users\/2"}],"replies":[{"embeddable":true,"href":"https:\/\/www.europesays.com\/pt\/wp-json\/wp\/v2\/comments?post=229120"}],"version-history":[{"count":0,"href":"https:\/\/www.europesays.com\/pt\/wp-json\/wp\/v2\/posts\/229120\/revisions"}],"wp:featuredmedia":[{"embeddable":true,"href":"https:\/\/www.europesays.com\/pt\/wp-json\/wp\/v2\/media\/229121"}],"wp:attachment":[{"href":"https:\/\/www.europesays.com\/pt\/wp-json\/wp\/v2\/media?parent=229120"}],"wp:term":[{"taxonomy":"category","embeddable":true,"href":"https:\/\/www.europesays.com\/pt\/wp-json\/wp\/v2\/categories?post=229120"},{"taxonomy":"post_tag","embeddable":true,"href":"https:\/\/www.europesays.com\/pt\/wp-json\/wp\/v2\/tags?post=229120"}],"curies":[{"name":"wp","href":"https:\/\/api.w.org\/{rel}","templated":true}]}}