{"id":229123,"date":"2026-01-14T23:10:10","date_gmt":"2026-01-14T23:10:10","guid":{"rendered":"https:\/\/www.europesays.com\/pt\/229123\/"},"modified":"2026-01-14T23:10:10","modified_gmt":"2026-01-14T23:10:10","slug":"aline-diz-ter-invocado-chama-violeta-apos-henri-sofrer-convulsao","status":"publish","type":"post","link":"https:\/\/www.europesays.com\/pt\/229123\/","title":{"rendered":"Aline diz ter invocado \u201cchama violeta\u201d ap\u00f3s Henri sofrer convuls\u00e3o"},"content":{"rendered":"<p><strong>Aline Campos<\/strong> revelou, na tarde desta quarta-feira (14), que usou seus conhecimentos espirituais para ajudar <strong>Henri Castelli<\/strong> no <strong>BBB 26<\/strong>. O artista teve um novo epis\u00f3dio de convuls\u00e3o dentro do programa e acabou assustando os colegas de confinamento.<\/p>\n<p>Segundo a artista, que tem mostrado seu lado espiritualizado no reality, ela invocou a chama violeta (energia espiritual de Saint-Germain) e pediu a intercess\u00e3o do Arcanjo Miguel.<\/p>\n<p>\u201cNa mesma hora, comecei a fazer o que eu acreditava que poderia ajudar\u2026 <strong>ativei a Chama Violeta, chamei o Arcanjo Miguel e pedi prote\u00e7\u00e3o, e fiquei ali<\/strong>. Cada um fez sua fun\u00e7\u00e3o dentro do que acredita, mas foi sinistro. Eu n\u00e3o t\u00f4 acostumada a ver, ent\u00e3o n\u00e3o sei o n\u00edvel que foi tecnicamente. Ele foi enrolando a l\u00edngua e o Br\u00edgido botou a m\u00e3o dentro da boca e ficamos em ora\u00e7\u00e3o esperando algu\u00e9m chegar\u201d, disse ela.<\/p>\n<p>A ex-bailarina do Doming\u00e3o do Faust\u00e3o seguiu conversando com os colegas sobre o epis\u00f3dio e relatou como foi sua rea\u00e7\u00e3o ao ver o artista passando mal \u00e0 sua frente.<\/p>\n<p>\u201cEu tava indo pegar meu microfone e, quando eu olhei, ele tava assim [girando]. Achei que ele [Henri] tava fazendo alguma coisa, sei l\u00e1\u2026 quando vi ele caindo, eu vi que tava s\u00e9rio e ele caiu travado. Deus \u00e9 perfeito: a sorte \u00e9 que tinha um colch\u00e3o atr\u00e1s dele e ele caiu no colch\u00e3o, sen\u00e3o ele tinha batido a cabe\u00e7a no ch\u00e3o. Ele caiu perfeitamente no colch\u00e3o\u201d, contou.<\/p>\n","protected":false},"excerpt":{"rendered":"Aline Campos revelou, na tarde desta quarta-feira (14), que usou seus conhecimentos espirituais para ajudar Henri Castelli no&hellip;\n","protected":false},"author":2,"featured_media":229124,"comment_status":"","ping_status":"","sticky":false,"template":"","format":"standard","meta":{"footnotes":""},"categories":[145],"tags":[211,210,114,115,32,33],"class_list":{"0":"post-229123","1":"post","2":"type-post","3":"status-publish","4":"format-standard","5":"has-post-thumbnail","7":"category-celebridades","8":"tag-celebridades","9":"tag-celebrities","10":"tag-entertainment","11":"tag-entretenimento","12":"tag-portugal","13":"tag-pt"},"share_on_mastodon":{"url":"https:\/\/pubeurope.com\/@pt\/115895980672529409","error":""},"_links":{"self":[{"href":"https:\/\/www.europesays.com\/pt\/wp-json\/wp\/v2\/posts\/229123","targetHints":{"allow":["GET"]}}],"collection":[{"href":"https:\/\/www.europesays.com\/pt\/wp-json\/wp\/v2\/posts"}],"about":[{"href":"https:\/\/www.europesays.com\/pt\/wp-json\/wp\/v2\/types\/post"}],"author":[{"embeddable":true,"href":"https:\/\/www.europesays.com\/pt\/wp-json\/wp\/v2\/users\/2"}],"replies":[{"embeddable":true,"href":"https:\/\/www.europesays.com\/pt\/wp-json\/wp\/v2\/comments?post=229123"}],"version-history":[{"count":0,"href":"https:\/\/www.europesays.com\/pt\/wp-json\/wp\/v2\/posts\/229123\/revisions"}],"wp:featuredmedia":[{"embeddable":true,"href":"https:\/\/www.europesays.com\/pt\/wp-json\/wp\/v2\/media\/229124"}],"wp:attachment":[{"href":"https:\/\/www.europesays.com\/pt\/wp-json\/wp\/v2\/media?parent=229123"}],"wp:term":[{"taxonomy":"category","embeddable":true,"href":"https:\/\/www.europesays.com\/pt\/wp-json\/wp\/v2\/categories?post=229123"},{"taxonomy":"post_tag","embeddable":true,"href":"https:\/\/www.europesays.com\/pt\/wp-json\/wp\/v2\/tags?post=229123"}],"curies":[{"name":"wp","href":"https:\/\/api.w.org\/{rel}","templated":true}]}}