{"id":229125,"date":"2026-01-14T23:13:08","date_gmt":"2026-01-14T23:13:08","guid":{"rendered":"https:\/\/www.europesays.com\/pt\/229125\/"},"modified":"2026-01-14T23:13:08","modified_gmt":"2026-01-14T23:13:08","slug":"saiba-como-ajudar-uma-pessoa-em-crise-de-convulsao-14-01-2026-equilibrio-e-saude","status":"publish","type":"post","link":"https:\/\/www.europesays.com\/pt\/229125\/","title":{"rendered":"Saiba como ajudar uma pessoa em crise de convuls\u00e3o &#8211; 14\/01\/2026 &#8211; Equil\u00edbrio e Sa\u00fade"},"content":{"rendered":"<p>H\u00e1 muitos mitos que permeiam o socorro a uma pessoa em <a href=\"https:\/\/www1.folha.uol.com.br\/equilibrioesaude\/2026\/01\/calor-falta-de-sono-e-desidratacao-podem-ter-desencadeado-crise-convulsiva-de-henri-castelli-no-bbb.shtml\" rel=\"nofollow noopener\" target=\"\">crise de convuls\u00e3o<\/a>, como a que <a href=\"https:\/\/f5.folha.uol.com.br\/televisao\/bbb26\/2026\/01\/bbb-26-henri-castelli-tem-convulsao-na-prova-do-lider-e-e-atendido-por-medicos.shtml\" rel=\"nofollow noopener\" target=\"\">teve o ator Henri Castelli<\/a>, 47, na manh\u00e3 desta quarta-feira (14), durante uma prova de resist\u00eancia no <a href=\"https:\/\/f5.folha.uol.com.br\/televisao\/bbb26\/\" rel=\"nofollow noopener\" target=\"\">BBB 26<\/a>.<\/p>\n<p>Um deles \u00e9 o de que se deve colocar algo na boca do acometido para evitar que &#8220;engula a <a href=\"https:\/\/www1.folha.uol.com.br\/equilibrioesaude\/2025\/07\/sua-lingua-pode-revelar-problemas-de-saude-saiba-identificar-alteracoes.shtml\" rel=\"nofollow noopener\" target=\"\">l\u00edngua<\/a>&#8221; \u2013o que \u00e9 anatomicamente imposs\u00edvel. Outro, diz que a pessoa sente dor durante a crise ou ainda que \u00e9 necess\u00e1rio segurar o prender o corpo da pessoa a algo.<\/p>\n<p>Todas essas afirma\u00e7\u00f5es s\u00e3o incorretas, segundo quatro neurologistas consultados pela <strong>Folha<\/strong>, e podem resultar em ferimentos \u00e0 pessoa em convuls\u00e3o e a quem est\u00e1 tentando ajud\u00e1-la.<\/p>\n<p>Existe um passo a passo correto para ser seguido em crise de convuls\u00e3o, segundo os especialistas. Ele \u00e9 simples, mas o suficiente para auxiliar sem causar qualquer dano ao acometido e a quem o ajuda. Veja como fazer.<\/p>\n<p>Identifique a crise<\/p>\n<p>Os sintomas da convuls\u00e3o podem ser facilmente reconhecidos. Primeiro, a pessoa fica inconsciente. Depois, surgem as contra\u00e7\u00f5es musculares, que podem ser facilmente identificadas dada a expressividade dos movimentos. &#8220;\u00c9 comum que a pessoa fique salivando mais e tenha libera\u00e7\u00e3o do esfincter, urin\u00e1rio ou fecal&#8221;, explica o neurologista William Souza Martins Ferreira, do Hospital Vera Cruz.<\/p>\n<p>Mantenha a calma<\/p>\n<p>O primeiro ponto \u00e9 manter a calma, destaca a neurologista Let\u00edcia Sampaio, coordenadora do Departamento Cient\u00edfico de Epilepsia da ABN (Academia Brasileira de Neurologia). \u00c9 no desespero que se inicia o ciclo de a\u00e7\u00f5es incorretas.<\/p>\n<p>&#8220;\u00c9 preciso ter clareza de que a pessoa n\u00e3o vai morrer. Ela est\u00e1 apenas reagindo a uma atividade el\u00e9trica incorreta que est\u00e1 ocorrendo no c\u00e9rebro&#8221;, explica Wellingson Paiva, neurocirurgi\u00e3o nos hospitais Samaritano e <a href=\"https:\/\/www1.folha.uol.com.br\/equilibrioesaude\/2025\/06\/sirio-libanes-chega-aos-60-com-shark-tank-de-funcionarios-e-curso-de-medicina-recem-inaugurado.shtml\" rel=\"nofollow noopener\" target=\"\">S\u00edrio-Liban\u00eas<\/a>.<\/p>\n<p>Embora muito raras, as mortes podem acontecer, como no caso do <a href=\"https:\/\/www1.folha.uol.com.br\/ilustrada\/2019\/12\/rapper-americano-juice-wrld-morre-aos-21-anos.shtml\" rel=\"nofollow noopener\" target=\"\">cantor americano Juice Wrld<\/a>. O \u00f3bito, por\u00e9m, costuma ter outras causas mais graves al\u00e9m da convuls\u00e3o.<\/p>\n<p>Proteja a cabe\u00e7a<\/p>\n<p>Durante a convuls\u00e3o, o corpo age de forma involunt\u00e1ria a est\u00edmulos cerebrais &#8220;bagun\u00e7ados&#8221;. &#8220;O c\u00e9rebro comanda nossos movimentos e, durante a crise, ele est\u00e1 passando por uma descarga el\u00e9trica, o que causa as contra\u00e7\u00f5es musculares fortes e descontroladas&#8221;, diz Adriana Lib\u00f3rio, membro da Sociedade Brasileira de <a href=\"https:\/\/www1.folha.uol.com.br\/equilibrioesaude\/2026\/01\/idosos-que-batem-a-cabeca-como-bolsonaro-devem-ficar-24-horas-em-observacao.shtml\" rel=\"nofollow noopener\" target=\"\">Neurocirurgia<\/a>.<\/p>\n<p>Ela explica que proteger a cabe\u00e7a evita traumas cranianos. Nesse caso, basta elevar a cabe\u00e7a de modo que perca o contato com o ch\u00e3o. Segundo Paiva, uma almofada pode ser usada para proteger e manter confort\u00e1vel a regi\u00e3o do cr\u00e2nio.<\/p>\n<p>N\u00e3o coloque a m\u00e3o na boca<\/p>\n<p>Um dos medos difundidos entre a popula\u00e7\u00e3o \u00e9 de que a convuls\u00e3o pode incorrer em acidentes \u00e0 l\u00edngua. De fato, a pessoa acometida pode mord\u00ea-la durante uma crise, mas \u00e9 errado tentar interferir nisso.<\/p>\n<p>Ao colocar a m\u00e3o na boca, quem est\u00e1 tentando ajudar pode ter ferimentos nos dedos em raz\u00e3o das contra\u00e7\u00f5es, que resultam em mordidas fortes. Nenhum poss\u00edvel ferimento ter\u00e1 gravidade capaz de causar um mal maior \u00e0 pessoa em convuls\u00e3o. Por isso, afirmam os especialistas, o ideal \u00e9 n\u00e3o intervir na boca e observar.<\/p>\n<p>Proteja vias a\u00e9reas<\/p>\n<p>As vias a\u00e9reas formam o caminho por onde o ar chega aos<a href=\"https:\/\/www1.folha.uol.com.br\/equilibrioesaude\/2025\/06\/pessoas-com-dpoc-tem-mais-carbono-nos-pulmoes-do-que-fumantes-diz-estudo.shtml\" rel=\"nofollow noopener\" target=\"\"> pulm\u00f5es<\/a>. Proteg\u00ea-las durante uma convuls\u00e3o \u00e9 \u00fatil, pois pode ajudar a evitar aspira\u00e7\u00e3o da saliva, afirma Adriana.<\/p>\n<p>Para isso, basta deitar a pessoa de lado enquanto mant\u00e9m a prote\u00e7\u00e3o \u00e0 sua cabe\u00e7a. De lado, a possibilidade de aspira\u00e7\u00e3o \u00e9 descartada, tanto para a saliva quanto para v\u00f4mitos, que podem ocorrer em epis\u00f3dios raros.<\/p>\n<p>    Cuide-se<\/p>\n<p class=\"c-newsletter__subtitle\">Ci\u00eancia, h\u00e1bitos e preven\u00e7\u00e3o numa newsletter para a sua sa\u00fade e bem-estar<\/p>\n<p>Procure um m\u00e9dico<\/p>\n<p>Assim como a <a href=\"https:\/\/www1.folha.uol.com.br\/equilibrioesaude\/2025\/10\/sociedade-brasileira-de-pediatria-atualiza-classificacao-da-febre-em-criancas-entenda.shtml\" rel=\"nofollow noopener\" target=\"\">febre<\/a>, a crise de convuls\u00e3o pode revelar algum problema de <a href=\"https:\/\/www1.folha.uol.com.br\/folha-topicos\/saude\/\" rel=\"nofollow noopener\" target=\"_blank\">sa\u00fade<\/a> ou funcionamento anormal do c\u00e9rebro.<\/p>\n<p>&#8220;Ela pode revelar, por exemplo, um <a href=\"https:\/\/www1.folha.uol.com.br\/folha-topicos\/cancer\/\" rel=\"nofollow noopener\" target=\"\">tumor<\/a>, uma <a href=\"https:\/\/www1.folha.uol.com.br\/equilibrioesaude\/2023\/09\/maior-estudo-sobre-epilepsia-do-mundo-revela-arquitetura-genetica-da-doenca-e-indica-novas-terapias.shtml\" rel=\"nofollow noopener\" target=\"\">epilepsia<\/a>, dist\u00farbios eletr\u00f3litos, <a href=\"https:\/\/m.folha.uol.com.br\/equilibrioesaude\/2009\/01\/482620-correr-ao-sol-provoca-perda-de-ate-dois-litros-de-agua-hidrate-se.shtml\" rel=\"nofollow noopener\" target=\"\">desidrata\u00e7\u00e3o<\/a> e <a href=\"https:\/\/www1.folha.uol.com.br\/fsp\/equilibrio\/eq0308200021.htm\" rel=\"nofollow noopener\" target=\"\">hipoglicemia<\/a>. O c\u00e9rebo funciona com transmiss\u00f5es el\u00e9tricas e elas precisam estar funcionando dentro da normalidade&#8221;, diz Adriana.<\/p>\n<p>Existem outros descuidos com a sa\u00fade que podem ocasionar uma convuls\u00e3o, como calor excessivo, priva\u00e7\u00e3o de sono ou uma descarga hormonal excessiva.<\/p>\n<p>\u00c9 falso<\/p>\n<p>Um dos mitos capilarizados na popula\u00e7\u00e3o \u00e9 o de que n\u00e3o se deve ajudar uma pessoa em convuls\u00e3o pela possibilidade de contrair alguma doen\u00e7a. Trata-se de um mito, reafirma Paiva.<\/p>\n<p>&#8220;No geral, a convuls\u00e3o vai passar em um minuto ou dois. Se passar disso, \u00e9 preocupante, por\u00e9m raras vezes ocorre. Seguindo todos os passos, a pessoa que convulsionou vai ficar bem e poder\u00e1 procurar um m\u00e9dico para entender a causa&#8221;, conclui o neurologista.<\/p>\n","protected":false},"excerpt":{"rendered":"H\u00e1 muitos mitos que permeiam o socorro a uma pessoa em crise de convuls\u00e3o, como a que teve&hellip;\n","protected":false},"author":2,"featured_media":229126,"comment_status":"","ping_status":"","sticky":false,"template":"","format":"standard","meta":{"footnotes":""},"categories":[142],"tags":[2565,15986,27823,114,115,2625,236,753,36171,1208,32,33,117,151],"class_list":{"0":"post-229125","1":"post","2":"type-post","3":"status-publish","4":"format-standard","5":"has-post-thumbnail","7":"category-tv","8":"tag-bbb","9":"tag-bbb-26","10":"tag-convulsao","11":"tag-entertainment","12":"tag-entretenimento","13":"tag-epilepsia","14":"tag-folha","15":"tag-globo","16":"tag-henri-castelli","17":"tag-medicina","18":"tag-portugal","19":"tag-pt","20":"tag-saude","21":"tag-tv"},"share_on_mastodon":{"url":"https:\/\/pubeurope.com\/@pt\/115895992627299102","error":""},"_links":{"self":[{"href":"https:\/\/www.europesays.com\/pt\/wp-json\/wp\/v2\/posts\/229125","targetHints":{"allow":["GET"]}}],"collection":[{"href":"https:\/\/www.europesays.com\/pt\/wp-json\/wp\/v2\/posts"}],"about":[{"href":"https:\/\/www.europesays.com\/pt\/wp-json\/wp\/v2\/types\/post"}],"author":[{"embeddable":true,"href":"https:\/\/www.europesays.com\/pt\/wp-json\/wp\/v2\/users\/2"}],"replies":[{"embeddable":true,"href":"https:\/\/www.europesays.com\/pt\/wp-json\/wp\/v2\/comments?post=229125"}],"version-history":[{"count":0,"href":"https:\/\/www.europesays.com\/pt\/wp-json\/wp\/v2\/posts\/229125\/revisions"}],"wp:featuredmedia":[{"embeddable":true,"href":"https:\/\/www.europesays.com\/pt\/wp-json\/wp\/v2\/media\/229126"}],"wp:attachment":[{"href":"https:\/\/www.europesays.com\/pt\/wp-json\/wp\/v2\/media?parent=229125"}],"wp:term":[{"taxonomy":"category","embeddable":true,"href":"https:\/\/www.europesays.com\/pt\/wp-json\/wp\/v2\/categories?post=229125"},{"taxonomy":"post_tag","embeddable":true,"href":"https:\/\/www.europesays.com\/pt\/wp-json\/wp\/v2\/tags?post=229125"}],"curies":[{"name":"wp","href":"https:\/\/api.w.org\/{rel}","templated":true}]}}