{"id":229139,"date":"2026-01-14T23:21:12","date_gmt":"2026-01-14T23:21:12","guid":{"rendered":"https:\/\/www.europesays.com\/pt\/229139\/"},"modified":"2026-01-14T23:21:12","modified_gmt":"2026-01-14T23:21:12","slug":"nao-ha-planos-para-execucoes-trump-diz-que-assassinatos-no-irao-estao-a-diminuir","status":"publish","type":"post","link":"https:\/\/www.europesays.com\/pt\/229139\/","title":{"rendered":"N\u00e3o h\u00e1 planos para execu\u00e7\u00f5es&#8221;. Trump diz que &#8220;assassinatos no Ir\u00e3o est\u00e3o a diminuir"},"content":{"rendered":"<p>                Em declara\u00e7\u00f5es no Sal\u00e3o Oval, Donald Trump afirmou que foi informado, por \u201cfontes muito importantes do outro lado\u201d, de que os assassinatos na repress\u00e3o dos protestos iranianos estavam a diminuir e de que n\u00e3o h\u00e1 plano para execu\u00e7\u00f5es em massa. <\/p>\n<p><b>&#8220;Fomos informados de que as mortes no Ir\u00e3o est\u00e3o a parar \u2014 pararam \u2014 est\u00e3o a parar&#8221;<\/b>, disse Trump.  <\/p>\n<p>O presidente norte-americano n\u00e3o descartou, contudo, uma eventual a\u00e7\u00e3o militar dos EUA no Ir\u00e3o.<br \/>&#13;<br \/>\n<b><br \/>&#13;<br \/>\n\u201cVamos observar qual ser\u00e1 o processo&#8221;<\/b>, afirmou, acrescentando que a Administra\u00e7\u00e3o norte-americana recebeu uma &#8220;declara\u00e7\u00e3o muito boa&#8221; do Ir\u00e3o.<\/p>\n<p>\u201cN\u00e3o h\u00e1 planos para execu\u00e7\u00f5es\u201d, disse ainda Trump, referindo-se \u00e0 senten\u00e7a de morte do manifestante Erfan Soltani, de 26 anos. <\/p>\n<p><b>&#8220;N\u00e3o h\u00e1 qualquer plano para execu\u00e7\u00f5es, nem uma execu\u00e7\u00e3o, nem execu\u00e7\u00f5es \u2014 isso foi-me informado por fontes fidedignas&#8221;<\/b>, repetiu. \u201cMas isso afetou-me profundamente. Eles n\u00e3o v\u00e3o executar ningu\u00e9m\u201d.<\/p>\n<p>Entretanto, as autoridades iranianas afirmaram ter &#8220;controlo total&#8221; da situa\u00e7\u00e3o no pa\u00eds. <\/p>\n<p><b>&#8220;Agora (&#8230;) prevalece a calma. Temos controlo total&#8221; da situa\u00e7\u00e3o<\/b>, disse o ministro iraniano dos Neg\u00f3cios Estrangeiros, Abbas Araghchi, em entrevista \u00e0 Fox News esta quarta-feira, ap\u00f3s mais de duas semanas de protestos que foram recebidos com forte repress\u00e3o.<br \/>&#13;<br \/>\nAmnistia alerta para &#8220;assass\u00ednios em massa sem precedentes&#8221;<br \/>&#13;<br \/>\nO chefe do poder judicial iraniano tinha sugerido que os manifestantes detidos nos protestos das \u00faltimas semanas no pa\u00eds seriam sujeitos a julgamentos sum\u00e1rios e execu\u00e7\u00f5es, tratamento que o presidente norte-americano amea\u00e7ou levar a retalia\u00e7\u00f5es. <\/p>\n<p>Enquanto ativistas alertam que os enforcamentos dos milhares de detidos nas manifesta\u00e7\u00f5es podem ocorrer em breve, o respons\u00e1vel judicial da Rep\u00fablica Isl\u00e2mica, Gholamhossein Mohseni-Ejei, defendeu tratamento \u201cr\u00e1pido\u201d dos casos, num v\u00eddeo partilhado online pela televis\u00e3o estatal iraniana.<\/p>\n<p>A Amnistia Internacional (AI) alertou, esta quarta-feira, para <b>os &#8220;assass\u00ednios ilegais em massa cometidos a uma escala sem precedentes&#8221; durante os protestos antigovernamentais no Ir\u00e3o e instou os estados-membros da ONU a impedir &#8220;mais derramamento de sangue&#8221;.<\/b><\/p>\n<p>Em comunicado, a organiza\u00e7\u00e3o n\u00e3o-governamental apelou aos Estados-membros &#8220;a reconhecerem que a impunidade sist\u00e9mica e cont\u00ednua pelos crimes cometidos pelas for\u00e7as de seguran\u00e7a&#8221; nos protestos atuais e passados &#8220;encorajou as autoridades iranianas a persistirem na sua conduta criminosa&#8221;.<\/p>\n<p>Segundo a Amnistia, <b>h\u00e1 v\u00eddeos verificados e informa\u00e7\u00f5es fidedignas de testemunhas oculares no Ir\u00e3o para apontar a repress\u00e3o em grande escala no Ir\u00e3o, com o objetivo de &#8220;esmagar a revolta maioritariamente pac\u00edfica&#8221;, iniciada em 28 de dezembro, e que diz ter custado pelo menos duas mil vidas.<\/b><\/p>\n<p><b>&#8220;Os Estados-membros da ONU devem tomar medidas imediatas e coordenadas para impedir mais derramamento de sangue, incluindo a convoca\u00e7\u00e3o de sess\u00f5es especiais no Conselho dos Direitos Humanos da ONU e no Conselho de Seguran\u00e7a&#8221;<\/b>, apelou a ONG, acrescentando que devem tamb\u00e9m &#8220;considerar o estabelecimento de mecanismos de justi\u00e7a internacional destinados a promover investiga\u00e7\u00f5es criminais e julgamentos c\u00e9leres&#8221; dos autores de crimes contra o direito internacional e graves viola\u00e7\u00f5es dos direitos humanos, recomendando ainda o recurso ao Tribunal Penal Internacional (TPI).<\/p>\n<p>&#8220;Esta espiral de derramamento de sangue e impunidade tem de acabar&#8221;, frisou Agn\u00e8s Callamard, secret\u00e1ria-geral da Amnistia, citada no comunicado, comentando que, &#8220;enquanto grandes setores da sociedade iraniana tomavam as ruas, enfrentando balas, o l\u00edder supremo do Ir\u00e3o e as for\u00e7as de seguran\u00e7a lan\u00e7aram a sua repress\u00e3o mais sangrenta at\u00e9 \u00e0 data&#8221;.<\/p>\n<p><b>&#8220;De acordo com as provas recolhidas pela Amnistia Internacional, as for\u00e7as de seguran\u00e7a posicionadas nas ruas e nos telhados, incluindo de edif\u00edcios residenciais, mesquitas e esquadras de pol\u00edcia, dispararam repetidamente espingardas e ca\u00e7adeiras carregadas com balas de metal, atingindo manifestantes desarmados, frequentemente na cabe\u00e7a e no tronco&#8221;,<\/b> descreve a ONG.<\/p>\n<p>O Ir\u00e3o est\u00e1 a ser agitado por uma nova vaga de protestos desde 28 de dezembro, iniciada em Teer\u00e3o por comerciantes e setores econ\u00f3micos afetados pelo colapso do rial, a moeda iraniana, e pela elevada infla\u00e7\u00e3o, alastrando-se depois a mais de 100 cidades do pa\u00eds.<\/p>\n<p>&#13;<br \/>\nA Amnistia relata que analisou dezenas de v\u00eddeos e fotografias relacionados com a repress\u00e3o dos protestos, a partir de 08 de janeiro em 10 cidades das prov\u00edncias de Alborz, Gilan, Kermanshah, Razavi Khorasan, Sist\u00e3o-Baluchist\u00e3o e Teer\u00e3o, e consultou um patologista independente sobre imagens que mostram ferimentos fatais ou graves.&#13;\n<\/p>\n<p>&#13;<br \/>\nC\/ag\u00eancias&#13;<\/p>\n","protected":false},"excerpt":{"rendered":"Em declara\u00e7\u00f5es no Sal\u00e3o Oval, Donald Trump afirmou que foi informado, por \u201cfontes muito importantes do outro lado\u201d,&hellip;\n","protected":false},"author":2,"featured_media":229140,"comment_status":"","ping_status":"","sticky":false,"template":"","format":"standard","meta":{"footnotes":""},"categories":[50],"tags":[27,28,15,16,14,25,26,21,22,62,12,13,19,20,23,24,420,421,17,18,29,30,31,63,64,65],"class_list":{"0":"post-229139","1":"post","2":"type-post","3":"status-publish","4":"format-standard","5":"has-post-thumbnail","7":"category-mundo","8":"tag-breaking-news","9":"tag-breakingnews","10":"tag-featured-news","11":"tag-featurednews","12":"tag-headlines","13":"tag-latest-news","14":"tag-latestnews","15":"tag-main-news","16":"tag-mainnews","17":"tag-mundo","18":"tag-news","19":"tag-noticias","20":"tag-noticias-principais","21":"tag-noticiasprincipais","22":"tag-principais-noticias","23":"tag-principaisnoticias","24":"tag-rtp","25":"tag-rtp-noticias","26":"tag-top-stories","27":"tag-topstories","28":"tag-ultimas","29":"tag-ultimas-noticias","30":"tag-ultimasnoticias","31":"tag-world","32":"tag-world-news","33":"tag-worldnews"},"share_on_mastodon":{"url":"https:\/\/pubeurope.com\/@pt\/115896024113351481","error":""},"_links":{"self":[{"href":"https:\/\/www.europesays.com\/pt\/wp-json\/wp\/v2\/posts\/229139","targetHints":{"allow":["GET"]}}],"collection":[{"href":"https:\/\/www.europesays.com\/pt\/wp-json\/wp\/v2\/posts"}],"about":[{"href":"https:\/\/www.europesays.com\/pt\/wp-json\/wp\/v2\/types\/post"}],"author":[{"embeddable":true,"href":"https:\/\/www.europesays.com\/pt\/wp-json\/wp\/v2\/users\/2"}],"replies":[{"embeddable":true,"href":"https:\/\/www.europesays.com\/pt\/wp-json\/wp\/v2\/comments?post=229139"}],"version-history":[{"count":0,"href":"https:\/\/www.europesays.com\/pt\/wp-json\/wp\/v2\/posts\/229139\/revisions"}],"wp:featuredmedia":[{"embeddable":true,"href":"https:\/\/www.europesays.com\/pt\/wp-json\/wp\/v2\/media\/229140"}],"wp:attachment":[{"href":"https:\/\/www.europesays.com\/pt\/wp-json\/wp\/v2\/media?parent=229139"}],"wp:term":[{"taxonomy":"category","embeddable":true,"href":"https:\/\/www.europesays.com\/pt\/wp-json\/wp\/v2\/categories?post=229139"},{"taxonomy":"post_tag","embeddable":true,"href":"https:\/\/www.europesays.com\/pt\/wp-json\/wp\/v2\/tags?post=229139"}],"curies":[{"name":"wp","href":"https:\/\/api.w.org\/{rel}","templated":true}]}}