{"id":229169,"date":"2026-01-14T23:43:11","date_gmt":"2026-01-14T23:43:11","guid":{"rendered":"https:\/\/www.europesays.com\/pt\/229169\/"},"modified":"2026-01-14T23:43:11","modified_gmt":"2026-01-14T23:43:11","slug":"20-anos-depois-este-ator-volta-para-marvel-em-vingadores-doomsday-e-ele-finalmente-apareceu-noticias-de-cinema","status":"publish","type":"post","link":"https:\/\/www.europesays.com\/pt\/229169\/","title":{"rendered":"20 anos depois, este ator volta para Marvel em Vingadores: Doomsday &#8211; e ele finalmente apareceu! &#8211; Not\u00edcias de cinema"},"content":{"rendered":"<p>Vingadores: Doutor Destino ter\u00e1 o retorno dos personagens originais dos filmes de X-Men, incluindo James Marsden.<\/p>\n<p class=\"bo-p\"><a href=\"https:\/\/www.adorocinema.com\/filmes\/filme-269068\/\" class=\"bo-link\" rel=\"nofollow noopener\" target=\"_blank\">Vingadores: Doutor Destino<\/a> ter\u00e1 o retorno de v\u00e1rios atores no Universo Cinematogr\u00e1fico Marvel. <a href=\"https:\/\/www.adorocinema.com\/personalidades\/personalidade-10976\/\" class=\"bo-link\" rel=\"nofollow noopener\" target=\"_blank\">Robert Downey Jr.<\/a> volta para a franquia, <a href=\"https:\/\/www.adorocinema.com\/noticias\/filmes\/noticia-1000094737\/\" class=\"bo-link\" rel=\"nofollow noopener\" target=\"_blank\">n\u00e3o como Homem de Ferro mas como vil\u00e3o Doutor Destino<\/a>, e <a href=\"https:\/\/www.adorocinema.com\/personalidades\/personalidade-81795\/\" class=\"bo-link\" rel=\"nofollow noopener\" target=\"_blank\">Chris Evans<\/a> como Capit\u00e3o Am\u00e9rica, mas tamb\u00e9m teremos a <b>participa\u00e7\u00e3o de X-Men originais<\/b>. Entre eles, <a href=\"https:\/\/www.adorocinema.com\/personalidades\/personalidade-16467\/\" class=\"bo-link\" rel=\"nofollow noopener\" target=\"_blank\"><b>James Marsden<\/b><\/a><b> como Ciclope<\/b>.<\/p>\n<p>James Marsden est\u00e1 de volta como Ciclope em Vingadores: Doutor Destino<\/p>\n<p>                                <img loading=\"lazy\" decoding=\"async\" class=\"article-figure-img\" src=\"https:\/\/www.europesays.com\/pt\/wp-content\/uploads\/2026\/01\/d286417d439913bf1443666a73f2e136.jpg\" width=\"640\" height=\"320\" alt=\"\"\/><\/p>\n<p>                                    20th Century Studios<\/p>\n<p class=\"bo-p\"><a href=\"https:\/\/www.adorocinema.com\/noticias\/filmes\/noticia-1000166937\/\" class=\"bo-link\" rel=\"nofollow noopener\" target=\"_blank\"><b>James Marsden retorna como Scott Summers \/ Ciclope em Vingadores: Doutor Destino<\/b><\/a>, 20 anos ap\u00f3s sua \u00faltima apari\u00e7\u00e3o no papel em <a href=\"https:\/\/www.adorocinema.com\/filmes\/filme-52719\/\" class=\"bo-link\" rel=\"nofollow noopener\" target=\"_blank\">X-Men &#8211; O Confronto Final<\/a> (2006), cap\u00edtulo final da trilogia ap\u00f3s <a href=\"https:\/\/www.adorocinema.com\/filmes\/filme-29240\/\" class=\"bo-link\" rel=\"nofollow noopener\" target=\"_blank\">X-Men 2<\/a> (2003) e <a href=\"https:\/\/www.adorocinema.com\/filmes\/filme-25518\/\" class=\"bo-link\" rel=\"nofollow noopener\" target=\"_blank\">X-Men &#8211; O Filme<\/a> (2000).<\/p>\n<p class=\"bo-p\">O ator revelou \u00e0 Vanity Fair sua emo\u00e7\u00e3o de voltar a interpretar Ciclope. &#8220;J\u00e1 estou ficando um pouco velho para vestir a fantasia de super-her\u00f3i&#8221;, brincou. &#8220;Fiquei animado porque voc\u00ea faz parte de algo gigantesco. Passei 20 anos ouvindo as pessoas perguntarem: &#8216;Quando voc\u00ea volta? Voc\u00ea vai voltar?&#8217; Estou morto. Bem, talvez n\u00e3o. Vai ser dif\u00edcil entrar no figurino se eles esperarem mais alguns anos. Ent\u00e3o, tem sido incr\u00edvel. De verdade&#8221;.<\/p>\n<blockquote class=\"article-quote\" data-author=\"\" data-source=\"\"><p>Tem sido um \u00f3timo retorno a um papel que realmente me projetou. Foi o primeiro grande projeto do qual participei, e um personagem muito querido, um \u00edcone dos quadrinhos. Ent\u00e3o, voltar a interpretar esse papel foi muito especial<\/p><\/blockquote>\n<p>Quais X-Men v\u00e3o aparecer em Vingadores: Doutor Destino?<\/p>\n<p class=\"bo-p\">Um dos teasers de Vingadores: Doutor Destino \u00e9 focado no retorno dos X-Men. Nele, vemos <a href=\"https:\/\/www.adorocinema.com\/personalidades\/personalidade-11461\/\" class=\"bo-link\" rel=\"nofollow noopener\" target=\"_blank\">Patrick Stewart<\/a> como Professor X e <a href=\"https:\/\/www.adorocinema.com\/personalidades\/personalidade-5653\/\" class=\"bo-link\" rel=\"nofollow noopener\" target=\"_blank\">Ian McKellen<\/a> como Magneto, assim como James Marsden como Ciclope \u2013 finalmente usando um uniforme fiel aos quadrinhos.<\/p>\n<p class=\"bo-p\"><a href=\"https:\/\/www.adorocinema.com\/noticias\/filmes\/noticia-1000136052\/\" class=\"bo-link\" rel=\"nofollow noopener\" target=\"_blank\">Os personagens de X-Men que est\u00e3o confirmados em Vingadores: Doutor Destino<\/a> s\u00e3o Ciclope (James Marsden), Professor Xavier (Patrick Stewart), Magneto (Ian McKellen), Noturno (<a href=\"https:\/\/www.adorocinema.com\/personalidades\/personalidade-29526\/\" class=\"bo-link\" rel=\"nofollow noopener\" target=\"_blank\">Alan Cumming<\/a>), M\u00edstica (<a href=\"https:\/\/www.adorocinema.com\/personalidades\/personalidade-62959\/\" class=\"bo-link\" rel=\"nofollow noopener\" target=\"_blank\">Rebecca Romijn<\/a>) e Gambit (<a href=\"https:\/\/www.adorocinema.com\/personalidades\/personalidade-126186\/\" class=\"bo-link\" rel=\"nofollow noopener\" target=\"_blank\">Channing Tatum<\/a>). <\/p>\n<p class=\"bo-p\"><b>Vingadores: Doutor Destino<\/b> estreia em 17 de dezembro nos cinemas.<\/p>\n","protected":false},"excerpt":{"rendered":"Vingadores: Doutor Destino ter\u00e1 o retorno dos personagens originais dos filmes de X-Men, incluindo James Marsden. Vingadores: Doutor&hellip;\n","protected":false},"author":2,"featured_media":229170,"comment_status":"","ping_status":"","sticky":false,"template":"","format":"standard","meta":{"footnotes":""},"categories":[140],"tags":[114,115,147,148,146,32,33],"class_list":{"0":"post-229169","1":"post","2":"type-post","3":"status-publish","4":"format-standard","5":"has-post-thumbnail","7":"category-filmes","8":"tag-entertainment","9":"tag-entretenimento","10":"tag-film","11":"tag-filmes","12":"tag-movies","13":"tag-portugal","14":"tag-pt"},"share_on_mastodon":{"url":"https:\/\/pubeurope.com\/@pt\/115896110654022718","error":""},"_links":{"self":[{"href":"https:\/\/www.europesays.com\/pt\/wp-json\/wp\/v2\/posts\/229169","targetHints":{"allow":["GET"]}}],"collection":[{"href":"https:\/\/www.europesays.com\/pt\/wp-json\/wp\/v2\/posts"}],"about":[{"href":"https:\/\/www.europesays.com\/pt\/wp-json\/wp\/v2\/types\/post"}],"author":[{"embeddable":true,"href":"https:\/\/www.europesays.com\/pt\/wp-json\/wp\/v2\/users\/2"}],"replies":[{"embeddable":true,"href":"https:\/\/www.europesays.com\/pt\/wp-json\/wp\/v2\/comments?post=229169"}],"version-history":[{"count":0,"href":"https:\/\/www.europesays.com\/pt\/wp-json\/wp\/v2\/posts\/229169\/revisions"}],"wp:featuredmedia":[{"embeddable":true,"href":"https:\/\/www.europesays.com\/pt\/wp-json\/wp\/v2\/media\/229170"}],"wp:attachment":[{"href":"https:\/\/www.europesays.com\/pt\/wp-json\/wp\/v2\/media?parent=229169"}],"wp:term":[{"taxonomy":"category","embeddable":true,"href":"https:\/\/www.europesays.com\/pt\/wp-json\/wp\/v2\/categories?post=229169"},{"taxonomy":"post_tag","embeddable":true,"href":"https:\/\/www.europesays.com\/pt\/wp-json\/wp\/v2\/tags?post=229169"}],"curies":[{"name":"wp","href":"https:\/\/api.w.org\/{rel}","templated":true}]}}