{"id":229183,"date":"2026-01-14T23:51:40","date_gmt":"2026-01-14T23:51:40","guid":{"rendered":"https:\/\/www.europesays.com\/pt\/229183\/"},"modified":"2026-01-14T23:51:40","modified_gmt":"2026-01-14T23:51:40","slug":"espero-que-fique-por-seculos","status":"publish","type":"post","link":"https:\/\/www.europesays.com\/pt\/229183\/","title":{"rendered":"\u00abEspero que fique por s\u00e9culos\u00bb"},"content":{"rendered":"<p><a class=\"autolink-enabled\" data-resource-id=\"5566\" data-resource-type=\"player\" data-sport=\"football\" href=\"https:\/\/www.abola.pt\/futebol\/jogador\/bernardo-silva-5566\" rel=\"nofollow noopener\" target=\"_blank\">Bernardo Silva<\/a> termina contrato com o <a class=\"autolink-enabled\" data-resource-id=\"104\" data-resource-type=\"team\" data-sport=\"football\" href=\"https:\/\/www.abola.pt\/futebol\/manchester-city-104\" rel=\"nofollow noopener\" target=\"_blank\">Manchester City<\/a> no ver\u00e3o, mas, no que depender de Pep Guardiola, o internacional portugu\u00eas n\u00e3o deixar\u00e1 o Etihad.\u00a0<\/p>\n<p>\u00abMais uma vez, n\u00e3o conseguem imaginar o que jogador que o <a class=\"autolink-enabled\" data-resource-id=\"5566\" data-resource-type=\"player\" data-sport=\"football\" href=\"https:\/\/www.abola.pt\/futebol\/jogador\/bernardo-silva-5566\" rel=\"nofollow noopener\" target=\"_blank\">Bernardo Silva<\/a> \u00e9. Vamos sentir a falta dele, mas espero que fique por s\u00e9culos. Sabe o que \u00e9 jogar e ser competitivo. Conhece as regras, absolutamente tudo\u00bb, disse sobre Bernardo Silva, que figura entre os 10 jogadores com mais jogos pelo clube, em confer\u00eancia de imprensa, depois da vit\u00f3ria do <a class=\"autolink-enabled\" data-resource-id=\"104\" data-resource-type=\"team\" data-sport=\"football\" href=\"https:\/\/www.abola.pt\/futebol\/manchester-city-104\" rel=\"nofollow noopener\" target=\"_blank\">Manchester City<\/a> diante do <a class=\"autolink-enabled\" data-resource-id=\"103\" data-resource-type=\"team\" data-sport=\"football\" href=\"https:\/\/www.abola.pt\/futebol\/newcastle-103\" rel=\"nofollow noopener\" target=\"_blank\">Newcastle<\/a>, na primeira m\u00e3o das meias-finais da Ta\u00e7a da Liga inglesa. \u00a0<\/p>\n<p>Pep Guardiola comentou ainda a decis\u00e3o pol\u00e9mica do VAR no golo anulado a Semeyo e que levou a que <a class=\"autolink-enabled\" data-resource-id=\"5566\" data-resource-type=\"player\" data-sport=\"football\" href=\"https:\/\/www.abola.pt\/futebol\/jogador\/bernardo-silva-5566\" rel=\"nofollow noopener\" target=\"_blank\">Bernardo Silva<\/a> deixasse muitas cr\u00edticas \u00e0 arbitragem.\u00a0<\/p>\n<p>\u00abAcho que os meus jogadores ficaram irritados. Por causa de um lance, o \u00edmpeto imediatamente passou para o <a class=\"autolink-enabled\" data-resource-id=\"103\" data-resource-type=\"team\" data-sport=\"football\" href=\"https:\/\/www.abola.pt\/futebol\/newcastle-103\" rel=\"nofollow noopener\" target=\"_blank\">Newcastle<\/a> e ficaram irritados com isso. Nestas ta\u00e7as e meias-finais, ou em qualquer competi\u00e7\u00e3o, precisas de jogar dessa forma. Talvez isso nos tenha ajudado\u00bb, atirou.\u00a0<\/p>\n","protected":false},"excerpt":{"rendered":"Bernardo Silva termina contrato com o Manchester City no ver\u00e3o, mas, no que depender de Pep Guardiola, o&hellip;\n","protected":false},"author":2,"featured_media":229184,"comment_status":"","ping_status":"","sticky":false,"template":"","format":"standard","meta":{"footnotes":""},"categories":[8],"tags":[27,28,15,16,14,25,26,21,22,12,13,19,20,32,23,24,33,17,18,29,30,31],"class_list":{"0":"post-229183","1":"post","2":"type-post","3":"status-publish","4":"format-standard","5":"has-post-thumbnail","7":"category-principais-noticias","8":"tag-breaking-news","9":"tag-breakingnews","10":"tag-featured-news","11":"tag-featurednews","12":"tag-headlines","13":"tag-latest-news","14":"tag-latestnews","15":"tag-main-news","16":"tag-mainnews","17":"tag-news","18":"tag-noticias","19":"tag-noticias-principais","20":"tag-noticiasprincipais","21":"tag-portugal","22":"tag-principais-noticias","23":"tag-principaisnoticias","24":"tag-pt","25":"tag-top-stories","26":"tag-topstories","27":"tag-ultimas","28":"tag-ultimas-noticias","29":"tag-ultimasnoticias"},"share_on_mastodon":{"url":"https:\/\/pubeurope.com\/@pt\/115896142105684300","error":""},"_links":{"self":[{"href":"https:\/\/www.europesays.com\/pt\/wp-json\/wp\/v2\/posts\/229183","targetHints":{"allow":["GET"]}}],"collection":[{"href":"https:\/\/www.europesays.com\/pt\/wp-json\/wp\/v2\/posts"}],"about":[{"href":"https:\/\/www.europesays.com\/pt\/wp-json\/wp\/v2\/types\/post"}],"author":[{"embeddable":true,"href":"https:\/\/www.europesays.com\/pt\/wp-json\/wp\/v2\/users\/2"}],"replies":[{"embeddable":true,"href":"https:\/\/www.europesays.com\/pt\/wp-json\/wp\/v2\/comments?post=229183"}],"version-history":[{"count":0,"href":"https:\/\/www.europesays.com\/pt\/wp-json\/wp\/v2\/posts\/229183\/revisions"}],"wp:featuredmedia":[{"embeddable":true,"href":"https:\/\/www.europesays.com\/pt\/wp-json\/wp\/v2\/media\/229184"}],"wp:attachment":[{"href":"https:\/\/www.europesays.com\/pt\/wp-json\/wp\/v2\/media?parent=229183"}],"wp:term":[{"taxonomy":"category","embeddable":true,"href":"https:\/\/www.europesays.com\/pt\/wp-json\/wp\/v2\/categories?post=229183"},{"taxonomy":"post_tag","embeddable":true,"href":"https:\/\/www.europesays.com\/pt\/wp-json\/wp\/v2\/tags?post=229183"}],"curies":[{"name":"wp","href":"https:\/\/api.w.org\/{rel}","templated":true}]}}