{"id":229197,"date":"2026-01-15T00:03:16","date_gmt":"2026-01-15T00:03:16","guid":{"rendered":"https:\/\/www.europesays.com\/pt\/229197\/"},"modified":"2026-01-15T00:03:16","modified_gmt":"2026-01-15T00:03:16","slug":"alimentacao-de-trump-nao-sei-como-e-que-ainda-esta-vivo-mas-esta","status":"publish","type":"post","link":"https:\/\/www.europesays.com\/pt\/229197\/","title":{"rendered":"Alimenta\u00e7\u00e3o de Trump? &#8220;N\u00e3o sei como \u00e9 que ainda est\u00e1 vivo, mas est\u00e1&#8221;"},"content":{"rendered":"<p>O lema &#8220;Make America Healthy Again&#8221; (Tornar a Am\u00e9rica saud\u00e1vel novamente, em portugu\u00eas) n\u00e3o est\u00e1 a surtir efeitos para o lado do presidente dos Estados Unidos, Donald Trump. Quem o diz \u00e9 o secret\u00e1rio da Sa\u00fade, Robert F. Kennedy Jr, que caracterizou os h\u00e1bitos alimentares do republicano como &#8220;estranhos&#8221;.\u00a0<\/p>\n<p>Robert F. Kennedy Jr. foi entrevistado no podcast &#8220;Katie Miller Pod&#8221; &#8211; Katie \u00e9 mulher do chefe de gabinete da Casa Branca &#8211; e entre os v\u00e1rios temas discutidos, desde a vacina\u00e7\u00e3o \u00e0 dieta, Miller questionou o secret\u00e1rio da Sa\u00fade sobre quem tinha os h\u00e1bitos alimentares mais estranhos&#8221; na Casa Branca.\u00a0<\/p>\n<p>Kennedy Jr. n\u00e3o tardou a responder: &#8220;O presidente&#8221;.<\/p>\n<p>O secret\u00e1rio da Sa\u00fade explicou que &#8220;o que caracteriza o presidente \u00e9 que se alimenta muito mal&#8221;. &#8220;\u00c9 McDonald&#8217;s, doces e Coca-cola Diet. Ele est\u00e1 sempre a beber Coca-cola Diet&#8221;, afirmou.<\/p>\n<p>No entanto, Robert F. Kennedy Jr. elogiou a &#8220;constitui\u00e7\u00e3o&#8221; de Donald Trump, dizendo que tem uma &#8220;constitui\u00e7\u00e3o de Deus&#8221;.\u00a0<\/p>\n<p>&#8220;N\u00e3o sei como \u00e9 que ele ainda est\u00e1 vivo, mas est\u00e1&#8221;, referiu, acrescentando que Donald Trump j\u00e1 admitiu &#8220;comer &#8216;porcarias'&#8221;, sobretudo &#8220;quando viaja&#8221;.\u00a0<\/p>\n<p>Segundo o secret\u00e1rio da Sa\u00fade, Trump &#8220;quer comer produtos de grandes empresas porque confia nelas&#8221;, notando que o presidente &#8220;n\u00e3o quer ficar doente quando viaja&#8221;. &#8220;Mas, quando est\u00e1 em Mar-a-Lago ou na Casa Branca, come muito bem&#8221;, adiantou.<\/p>\n<p>&#8220;Se viajares com ele, tens a impress\u00e3o de que se est\u00e1 a envenenar. Isso dura o dia todo, nem percebemos como \u00e9 que ele ainda se consegue mexer, mesmo sendo a pessoa mais energ\u00e9tica de todos n\u00f3s&#8221;, disse, adiantando que os &#8220;registos m\u00e9dicos&#8221; de Donald Trump revelam que tem &#8220;o n\u00edvel mais alto de testosterona j\u00e1 registado para uma pessoa que tem mais de 70 anos&#8221;.\u00a0<\/p>\n<p>Esta entrevista de Robert F. Kennedy Jr. surgiu numa altura em que a administra\u00e7\u00e3o norte-americana divulgou v\u00e1rias recomenda\u00e7\u00f5es nutricionais para os americanos, num pa\u00eds que tem uma taxa de obesidade e de diab\u00e9ticos muito alta.\u00a0<\/p>\n<p>Nessas recomenda\u00e7\u00f5es s\u00e3o desaconselhados alimentos ultraprocessados e com a\u00e7ucares adicionados, sugerindo que a popula\u00e7\u00e3o deve consumir &#8220;mais prote\u00ednas, mais lactic\u00ednios, mais frutas e vegetais&#8221;.\u00a0<\/p>\n<p>                                                    Sa\u00fade de Donald Trump? \u00c9 &#8220;perfeita&#8221;<\/p>\n<p>De recordar que, no in\u00edcio do m\u00eas de janeiro, o presidente norte-americano afirmou que concluiu com sucesso o seu terceiro exame m\u00e9dico desde que regressou \u00e0 Casa Branca, tendo indicado que estava bem de sa\u00fade.\u00a0<\/p>\n<p>&#8220;Os m\u00e9dicos acabaram de me informar que estou de perfeita sa\u00fade&#8221;, disse, na altura, ap\u00f3s especula\u00e7\u00f5es sobre a sua condi\u00e7\u00e3o f\u00edsica.<\/p>\n<p>&#8220;Pela terceira vez consecutiva, passei no meu exame cognitivo (ou seja, respondi corretamente a 100% das perguntas), algo que nenhum presidente ou vice-presidente anterior se disp\u00f4s a fazer&#8221;, escreveu numa mensagem publicada na sua rede social, a Truth Social.<\/p>\n<p>Trump, de 79 anos, defendeu que &#8220;qualquer pessoa que se candidate \u00e0 presid\u00eancia ou vice-presid\u00eancia deve ser obrigada a fazer um exame cognitivo robusto, significativo e comprovado&#8221; j\u00e1 que, afirmou, o pa\u00eds &#8220;n\u00e3o pode ser governado por pessoas &#8216;est\u00fapidas&#8217; ou incompetentes&#8221;.<\/p>\n<p>                                                    <img decoding=\"async\" height=\"640\" with=\"360\" src=\"https:\/\/www.europesays.com\/pt\/wp-content\/uploads\/2026\/01\/naom_6931dce695db7.jpg\" border=\"0\" alt=\"\"\/><\/p>\n<p>O Presidente norte-americano, Donald Trump, afirmou hoje que concluiu com sucesso o seu terceiro exame m\u00e9dico desde que regressou \u00e0 Casa Branca, h\u00e1 um ano, indicando que est\u00e1 bem de sa\u00fade.<\/p>\n<p>                                                     Lusa | 14:45 &#8211; 02\/01\/2026 <\/p>\n<p>Donald Trump, note-se havia tentado, numa entrevista dada tamb\u00e9m em janeiro, abafar os rumores sobre a sua sa\u00fade debilitada, argumentando com os seus &#8220;bons genes&#8221; e o uso de doses de aspirina acima do recomendado.<\/p>\n<p>&#8220;Dizem que a aspirina \u00e9 boa para afinar o sangue e eu n\u00e3o quero sangue grosso a correr pelo meu cora\u00e7\u00e3o. Quero sangue fino a correr pelo meu cora\u00e7\u00e3o&#8221;, justificou, em entrevista ao The Wall Street Journal, admitindo usar maquilhagem para cobrir hematomas e pequenos cortes e contus\u00f5es.<\/p>\n<p>O presidente dos Estados Unidos insistiu que goza de uma &#8220;sa\u00fade excelente&#8221; gra\u00e7as \u00e0 sua gen\u00e9tica e que faz exerc\u00edcio f\u00edsico, embora se limite ao golfe, porque considera que outras atividades desportivas s\u00e3o aborrecidas.<\/p>\n<p>A dieta alimentar do governante tamb\u00e9m est\u00e1 sob escrut\u00ednio, dado que pessoas que lhe s\u00e3o pr\u00f3ximas reconhecem um consumo excessivo de &#8216;fast food&#8217;, como hamb\u00fargueres e batatas fritas.<\/p>\n<p>                                                    <img decoding=\"async\" height=\"640\" with=\"360\" src=\"https:\/\/www.europesays.com\/pt\/wp-content\/uploads\/2026\/01\/naom_69576627a122e.jpg\" border=\"0\" alt=\"Trump admite que toma aspirina de mais, mas garante: \"\/><\/p>\n<p>O presidente norte-americano, Donald Trump, admitiu que toma uma dose elevada de aspirina e \u00e9 supersticioso, embora considere que tenha uma &#8220;boa gen\u00e9tica&#8221;, numa entrevista sobre a sua sa\u00fade ao The Wall Street Journal (WSJ), publicada na quinta-feira.<\/p>\n<p>                                                     Lusa | 06:31 &#8211; 02\/01\/2026 <\/p>\n","protected":false},"excerpt":{"rendered":"O lema &#8220;Make America Healthy Again&#8221; (Tornar a Am\u00e9rica saud\u00e1vel novamente, em portugu\u00eas) n\u00e3o est\u00e1 a surtir efeitos&hellip;\n","protected":false},"author":2,"featured_media":229198,"comment_status":"","ping_status":"","sticky":false,"template":"","format":"standard","meta":{"footnotes":""},"categories":[50],"tags":[27,28,15,16,14,25,26,21,22,62,12,13,19,20,23,24,17,18,29,30,31,63,64,65],"class_list":{"0":"post-229197","1":"post","2":"type-post","3":"status-publish","4":"format-standard","5":"has-post-thumbnail","7":"category-mundo","8":"tag-breaking-news","9":"tag-breakingnews","10":"tag-featured-news","11":"tag-featurednews","12":"tag-headlines","13":"tag-latest-news","14":"tag-latestnews","15":"tag-main-news","16":"tag-mainnews","17":"tag-mundo","18":"tag-news","19":"tag-noticias","20":"tag-noticias-principais","21":"tag-noticiasprincipais","22":"tag-principais-noticias","23":"tag-principaisnoticias","24":"tag-top-stories","25":"tag-topstories","26":"tag-ultimas","27":"tag-ultimas-noticias","28":"tag-ultimasnoticias","29":"tag-world","30":"tag-world-news","31":"tag-worldnews"},"share_on_mastodon":{"url":"https:\/\/pubeurope.com\/@pt\/115896189228347246","error":""},"_links":{"self":[{"href":"https:\/\/www.europesays.com\/pt\/wp-json\/wp\/v2\/posts\/229197","targetHints":{"allow":["GET"]}}],"collection":[{"href":"https:\/\/www.europesays.com\/pt\/wp-json\/wp\/v2\/posts"}],"about":[{"href":"https:\/\/www.europesays.com\/pt\/wp-json\/wp\/v2\/types\/post"}],"author":[{"embeddable":true,"href":"https:\/\/www.europesays.com\/pt\/wp-json\/wp\/v2\/users\/2"}],"replies":[{"embeddable":true,"href":"https:\/\/www.europesays.com\/pt\/wp-json\/wp\/v2\/comments?post=229197"}],"version-history":[{"count":0,"href":"https:\/\/www.europesays.com\/pt\/wp-json\/wp\/v2\/posts\/229197\/revisions"}],"wp:featuredmedia":[{"embeddable":true,"href":"https:\/\/www.europesays.com\/pt\/wp-json\/wp\/v2\/media\/229198"}],"wp:attachment":[{"href":"https:\/\/www.europesays.com\/pt\/wp-json\/wp\/v2\/media?parent=229197"}],"wp:term":[{"taxonomy":"category","embeddable":true,"href":"https:\/\/www.europesays.com\/pt\/wp-json\/wp\/v2\/categories?post=229197"},{"taxonomy":"post_tag","embeddable":true,"href":"https:\/\/www.europesays.com\/pt\/wp-json\/wp\/v2\/tags?post=229197"}],"curies":[{"name":"wp","href":"https:\/\/api.w.org\/{rel}","templated":true}]}}