{"id":229234,"date":"2026-01-15T00:33:04","date_gmt":"2026-01-15T00:33:04","guid":{"rendered":"https:\/\/www.europesays.com\/pt\/229234\/"},"modified":"2026-01-15T00:33:04","modified_gmt":"2026-01-15T00:33:04","slug":"trump-ameaca-cortar-fundos-a-estados-com-cidades-santuario-observador","status":"publish","type":"post","link":"https:\/\/www.europesays.com\/pt\/229234\/","title":{"rendered":"Trump amea\u00e7a cortar fundos a estados com &#8220;cidades-santu\u00e1rio&#8221; \u2013 Observador"},"content":{"rendered":"<p>O Presidente dos Estados Unidos, Donald Trump, amea\u00e7ou esta quarta-feira, suspender o financiamento federal aos estados que mant\u00eam \u201ccidades-santu\u00e1rio\u201d, ou seja, que limitam a coopera\u00e7\u00e3o com Washington no controlo da imigra\u00e7\u00e3o.<\/p>\n<p>\u201cOs pagamentos federais aos estados para as suas chamadas \u2018cidades-santu\u00e1rio\u2019 ser\u00e3o suspensos a 01 de fevereiro\u201d, escreveu Trump numa mensagem divulgada nas redes sociais, sem especificar que fundos ou que estados seriam abrangidos pela medida.<\/p>\n<blockquote class=\"twitter-tweet\" data-width=\"500\" data-dnt=\"true\">\n<p lang=\"zxx\" dir=\"ltr\"><a href=\"https:\/\/t.co\/FPG7cN6JGO\" rel=\"nofollow\">pic.twitter.com\/FPG7cN6JGO<\/a><\/p>\n<p>\u2014 Rapid Response 47 (@RapidResponse47) <a href=\"https:\/\/twitter.com\/RapidResponse47\/status\/2011420325687198090?ref_src=twsrc%5Etfw\" rel=\"nofollow noopener\" target=\"_blank\">January 14, 2026<\/a><\/p>\n<\/blockquote>\n<p>\u201cO Governo federal n\u00e3o far\u00e1 mais pagamentos aos estados para os seus centros corruptos de prote\u00e7\u00e3o criminal, conhecidos como cidades-santu\u00e1rio\u201d, acrescentou Trump, acusando estas jurisdi\u00e7\u00f5es de \u201calimentarem o crime e a viol\u00eancia\u201d.<\/p>\n<p>Trump afirmou ainda que, \u201cse os estados as quiserem, ter\u00e3o de pagar por elas\u201d, numa refer\u00eancia \u00e0s pol\u00edticas locais de prote\u00e7\u00e3o de imigrantes em situa\u00e7\u00e3o irregular.<\/p>\n<p>As chamadas cidades-santu\u00e1rio s\u00e3o munic\u00edpios ou estados que adotam pol\u00edticas destinadas a restringir a colabora\u00e7\u00e3o das autoridades locais com as ag\u00eancias federais de imigra\u00e7\u00e3o, nomeadamente na deten\u00e7\u00e3o e deporta\u00e7\u00e3o de migrantes.<\/p>\n<p><strong>Em agosto passado, os tribunais norte-americanos j\u00e1 tinham bloqueado uma iniciativa semelhante da administra\u00e7\u00e3o Trump, que pretendia cortar o financiamento federal a cerca de 30 jurisdi\u00e7\u00f5es<\/strong>, entre as quais Los Angeles, Baltimore, Boston e Chicago.<\/p>\n<p>Essas cidades recusaram-se a cooperar com as autoridades federais na aplica\u00e7\u00e3o de medidas destinadas a acelerar a deporta\u00e7\u00e3o de imigrantes, invocando raz\u00f5es legais, humanit\u00e1rias e de seguran\u00e7a p\u00fablica.<\/p>\n<p>            <script async src=\"https:\/\/platform.twitter.com\/widgets.js\" charset=\"utf-8\"><\/script><\/p>\n","protected":false},"excerpt":{"rendered":"O Presidente dos Estados Unidos, Donald Trump, amea\u00e7ou esta quarta-feira, suspender o financiamento federal aos estados que mant\u00eam&hellip;\n","protected":false},"author":2,"featured_media":229235,"comment_status":"","ping_status":"","sticky":false,"template":"","format":"standard","meta":{"footnotes":""},"categories":[50],"tags":[624,27,28,92,623,15,16,14,297,25,26,21,22,62,12,13,19,20,23,24,17,18,29,30,31,63,64,65],"class_list":{"0":"post-229234","1":"post","2":"type-post","3":"status-publish","4":"format-standard","5":"has-post-thumbnail","7":"category-mundo","8":"tag-amu00e9rica","9":"tag-breaking-news","10":"tag-breakingnews","11":"tag-donald-trump","12":"tag-estados-unidos-da-amu00e9rica","13":"tag-featured-news","14":"tag-featurednews","15":"tag-headlines","16":"tag-imigrau00e7u00e3o","17":"tag-latest-news","18":"tag-latestnews","19":"tag-main-news","20":"tag-mainnews","21":"tag-mundo","22":"tag-news","23":"tag-noticias","24":"tag-noticias-principais","25":"tag-noticiasprincipais","26":"tag-principais-noticias","27":"tag-principaisnoticias","28":"tag-top-stories","29":"tag-topstories","30":"tag-ultimas","31":"tag-ultimas-noticias","32":"tag-ultimasnoticias","33":"tag-world","34":"tag-world-news","35":"tag-worldnews"},"share_on_mastodon":{"url":"https:\/\/pubeurope.com\/@pt\/115896307095998823","error":""},"_links":{"self":[{"href":"https:\/\/www.europesays.com\/pt\/wp-json\/wp\/v2\/posts\/229234","targetHints":{"allow":["GET"]}}],"collection":[{"href":"https:\/\/www.europesays.com\/pt\/wp-json\/wp\/v2\/posts"}],"about":[{"href":"https:\/\/www.europesays.com\/pt\/wp-json\/wp\/v2\/types\/post"}],"author":[{"embeddable":true,"href":"https:\/\/www.europesays.com\/pt\/wp-json\/wp\/v2\/users\/2"}],"replies":[{"embeddable":true,"href":"https:\/\/www.europesays.com\/pt\/wp-json\/wp\/v2\/comments?post=229234"}],"version-history":[{"count":0,"href":"https:\/\/www.europesays.com\/pt\/wp-json\/wp\/v2\/posts\/229234\/revisions"}],"wp:featuredmedia":[{"embeddable":true,"href":"https:\/\/www.europesays.com\/pt\/wp-json\/wp\/v2\/media\/229235"}],"wp:attachment":[{"href":"https:\/\/www.europesays.com\/pt\/wp-json\/wp\/v2\/media?parent=229234"}],"wp:term":[{"taxonomy":"category","embeddable":true,"href":"https:\/\/www.europesays.com\/pt\/wp-json\/wp\/v2\/categories?post=229234"},{"taxonomy":"post_tag","embeddable":true,"href":"https:\/\/www.europesays.com\/pt\/wp-json\/wp\/v2\/tags?post=229234"}],"curies":[{"name":"wp","href":"https:\/\/api.w.org\/{rel}","templated":true}]}}