{"id":229240,"date":"2026-01-15T00:36:36","date_gmt":"2026-01-15T00:36:36","guid":{"rendered":"https:\/\/www.europesays.com\/pt\/229240\/"},"modified":"2026-01-15T00:36:36","modified_gmt":"2026-01-15T00:36:36","slug":"selton-mello-aparece-cantando-com-jack-black-apos-anaconda-alcancar-us-100-mi","status":"publish","type":"post","link":"https:\/\/www.europesays.com\/pt\/229240\/","title":{"rendered":"Selton Mello aparece cantando com Jack Black ap\u00f3s Anaconda alcan\u00e7ar US$ 100 mi"},"content":{"rendered":"<p data-start=\"187\" data-end=\"535\"><a href=\"https:\/\/natelinha.uol.com.br\/famosos\/tudo-sobre\/selton-mello\" rel=\"nofollow noopener\" target=\"_blank\">Selton Mello<\/a> publicou nesta quarta-feira (14) um v\u00eddeo gravado nos bastidores do filme Anaconda (2025) para marcar o alcance de US$ 100 milh\u00f5es em bilheteria mundial. O registro foi compartilhado em seu perfil no Instagram e mostra o ator brasileiro tocando viol\u00e3o enquanto canta ao lado de Jack Black e Paul Rudd durante uma pausa nas filmagens.<\/p>\n<p data-start=\"537\" data-end=\"934\">Na legenda da publica\u00e7\u00e3o, Selton fez refer\u00eancia direta ao marco comercial do longa. \u201c100M de d\u00f3lares nas bilheterias mundiais, da\u00ed a gente canta o melhor programa das suas f\u00e9rias\u201d, escreveu.<\/p>\n<p data-start=\"537\" data-end=\"934\">O valor citado corresponde ao total arrecadado globalmente pelo filme, que ultrapassou a marca de US$ 100 milh\u00f5es no \u00faltimo fim de semana, com n\u00fameros divulgados entre US$ 100,1 milh\u00f5es e US$ 101,6 milh\u00f5es.<\/p>\n<p data-start=\"537\" data-end=\"934\">+\u00a0<a href=\"https:\/\/natelinha.uol.com.br\/televisao\/2026\/01\/08\/selton-mello-relembra-fase-dificil-na-carreira-sou-pessimo-ator-236277.php\" target=\"_blank\" rel=\"noopener noreferrer nofollow\">Selton Mello relembra fase dif\u00edcil na carreira: &#8220;Sou p\u00e9ssimo ator&#8221;<\/a><\/p>\n<p data-start=\"936\" data-end=\"1286\">O v\u00eddeo foi gravado no in\u00edcio de 2025, durante as filmagens realizadas em Queensland, na Austr\u00e1lia. Nas imagens, Jack Black lidera a cantoria, improvisando versos relacionados ao elenco e ao pr\u00f3prio filme, enquanto Paul Rudd acompanha a m\u00fasica fazendo percuss\u00e3o com objetos dispon\u00edveis no local. Selton aparece ao viol\u00e3o, acompanhando a apresenta\u00e7\u00e3o.<\/p>\n<p data-start=\"1288\" data-end=\"1589\">O registro j\u00e1 havia circulado anteriormente como parte da divulga\u00e7\u00e3o do longa, entre fevereiro e maio de 2025, e foi republicado agora pelo ator brasileiro em raz\u00e3o do desempenho do filme nos cinemas. A postagem passou a circular novamente nas redes sociais ap\u00f3s a atualiza\u00e7\u00e3o dos dados de bilheteria.<\/p>\n<p data-start=\"1591\" data-end=\"2048\">Anaconda (2025) \u00e9 um reboot do filme lan\u00e7ado em 1997 e adota uma abordagem de com\u00e9dia e metalinguagem. A dire\u00e7\u00e3o \u00e9 de Tom Gormican.<\/p>\n<p>Selton Mello no filme Anaconda<\/p>\n<p><img decoding=\"async\" loading=\"lazy\" class=\"horizontal\" src=\"https:\/\/www.europesays.com\/pt\/wp-content\/uploads\/2026\/01\/selton-mello-faz-linda-homenagem-a-mae-que-morreu-aos-83-anos-e-emociona-famosos_8917.jpeg\" alt=\"imagem-texto\"\/><\/p>\n<p>continua depois da publicidade<\/p>\n<p data-start=\"1591\" data-end=\"2048\">No elenco principal est\u00e3o Jack Black, que interpreta Doug, um diretor em crise profissional, Paul Rudd, no papel de Griff, um ator de televis\u00e3o, e Selton Mello, que vive Santiago Braga, um domador de cobras brasileiro afetado por uma perda pessoal. Tamb\u00e9m participam do filme Steve Zahn, Thandiwe Newton e Daniela Melchior.<\/p>\n<p data-start=\"1591\" data-end=\"2048\">+\u00a0<a href=\"https:\/\/natelinha.uol.com.br\/famosos\/2025\/02\/24\/selton-mello-expoe-bastidor-de-ainda-estou-aqui-e-fernanda-torres-em-situacao-inusitada-222827.php\" target=\"_blank\" rel=\"noopener noreferrer nofollow\">Selton Mello exp\u00f5e bastidor de Ainda Estou Aqui e Fernanda Torres em situa\u00e7\u00e3o inusitada<\/a><\/p>\n<p data-start=\"2050\" data-end=\"2373\">A trama acompanha um grupo de amigos que decide refilmar o Anaconda original na Amaz\u00f4nia como forma de lidar com quest\u00f5es pessoais da meia-idade. Durante o projeto, eles se deparam com uma cobra gigante real, o que conduz a narrativa por elementos de com\u00e9dia, sobreviv\u00eancia e refer\u00eancia ao pr\u00f3prio g\u00eanero cinematogr\u00e1fico.<\/p>\n<p data-start=\"2375\" data-end=\"2621\" data-is-last-node=\"\" data-is-only-node=\"\">O filme teve or\u00e7amento estimado entre US$ 30 milh\u00f5es e US$ 45 milh\u00f5es.<\/p>\n<p data-start=\"2375\" data-end=\"2621\" data-is-last-node=\"\" data-is-only-node=\"\"><strong>Veja o v\u00eddeo:<\/strong><\/p>\n<blockquote class=\"instagram-media\" data-instgrm-captioned=\"\" data-instgrm-version=\"7\" style=\"width:100%;\"><p>\n\t\t\t\t\t\t\t\t\t<a href=\"https:\/\/www.instagram.com\/p\/DTfy-_EDJ9B\/\" rel=\"nofollow noopener\" target=\"_blank\">\n\t\t\t\t\t\t\t\t<\/p><\/blockquote>\n<p>                    <script async src=\"\/\/www.instagram.com\/embed.js\"><\/script><\/p>\n","protected":false},"excerpt":{"rendered":"Selton Mello publicou nesta quarta-feira (14) um v\u00eddeo gravado nos bastidores do filme Anaconda (2025) para marcar o&hellip;\n","protected":false},"author":2,"featured_media":229241,"comment_status":"","ping_status":"","sticky":false,"template":"","format":"standard","meta":{"footnotes":""},"categories":[145],"tags":[211,210,114,115,32,33,4349],"class_list":{"0":"post-229240","1":"post","2":"type-post","3":"status-publish","4":"format-standard","5":"has-post-thumbnail","7":"category-celebridades","8":"tag-celebridades","9":"tag-celebrities","10":"tag-entertainment","11":"tag-entretenimento","12":"tag-portugal","13":"tag-pt","14":"tag-selton-mello"},"share_on_mastodon":{"url":"https:\/\/pubeurope.com\/@pt\/115896319400064192","error":""},"_links":{"self":[{"href":"https:\/\/www.europesays.com\/pt\/wp-json\/wp\/v2\/posts\/229240","targetHints":{"allow":["GET"]}}],"collection":[{"href":"https:\/\/www.europesays.com\/pt\/wp-json\/wp\/v2\/posts"}],"about":[{"href":"https:\/\/www.europesays.com\/pt\/wp-json\/wp\/v2\/types\/post"}],"author":[{"embeddable":true,"href":"https:\/\/www.europesays.com\/pt\/wp-json\/wp\/v2\/users\/2"}],"replies":[{"embeddable":true,"href":"https:\/\/www.europesays.com\/pt\/wp-json\/wp\/v2\/comments?post=229240"}],"version-history":[{"count":0,"href":"https:\/\/www.europesays.com\/pt\/wp-json\/wp\/v2\/posts\/229240\/revisions"}],"wp:featuredmedia":[{"embeddable":true,"href":"https:\/\/www.europesays.com\/pt\/wp-json\/wp\/v2\/media\/229241"}],"wp:attachment":[{"href":"https:\/\/www.europesays.com\/pt\/wp-json\/wp\/v2\/media?parent=229240"}],"wp:term":[{"taxonomy":"category","embeddable":true,"href":"https:\/\/www.europesays.com\/pt\/wp-json\/wp\/v2\/categories?post=229240"},{"taxonomy":"post_tag","embeddable":true,"href":"https:\/\/www.europesays.com\/pt\/wp-json\/wp\/v2\/tags?post=229240"}],"curies":[{"name":"wp","href":"https:\/\/api.w.org\/{rel}","templated":true}]}}