{"id":229272,"date":"2026-01-15T01:06:10","date_gmt":"2026-01-15T01:06:10","guid":{"rendered":"https:\/\/www.europesays.com\/pt\/229272\/"},"modified":"2026-01-15T01:06:10","modified_gmt":"2026-01-15T01:06:10","slug":"kazem-hamad-um-dos-homens-mais-perigosos-do-mundo-foi-detido-no-iraque","status":"publish","type":"post","link":"https:\/\/www.europesays.com\/pt\/229272\/","title":{"rendered":"Kazem Hamad, um dos homens mais perigosos do mundo, foi detido no Iraque"},"content":{"rendered":"<p>Um dos &#8220;homens mais perigosos do mundo&#8221;, que \u00e9 suspeito de ter tido um papel fundamental na guerra do tabaco, em Melbourne, na Austr\u00e1lia, foi detido no Iraque. A deten\u00e7\u00e3o foi confirmada na noite de ter\u00e7a-feira, dia 13 de janeiro.\u00a0<\/p>\n<p>Kazem Hamad, tamb\u00e9m conhecido como Kadhim Malik Hamad Rabah al-Hajami, foi deportado da Austr\u00e1lia, em 2023, e era procurado pela Pol\u00edcia Federal australiana como uma pessoa de interesse na investiga\u00e7\u00e3o de v\u00e1rios atentados incendi\u00e1rios, incluindo um ataque antissemita a uma sinagoga em Melbourne, segundo a Reuters.<\/p>\n<p>Krissy Barrett, comiss\u00e1ria da Pol\u00edcia Federal australiana, adiantou que Kazem Hamad representa uma amea\u00e7a \u00e0 seguran\u00e7a nacional e que foi identificado como sendo a &#8220;prioridade n\u00famero um&#8221;.<\/p>\n<p>Por sua vez, o Centro Nacional Iraquiano para a Coopera\u00e7\u00e3o Judicial Internacional disse, em comunicado, Kadhim Malik Hamad Rabah al-Hajami foi detido no \u00e2mbito de uma investiga\u00e7\u00e3o sobre drogas ap\u00f3s um pedido da Austr\u00e1lia.<\/p>\n<p>J\u00e1 Krissy Barret referiu que as autoridades iraquianas procederam \u00e0 deten\u00e7\u00e3o do suspeito ap\u00f3s uma investiga\u00e7\u00e3o independente, ainda que as autoridades australianas tenham passado informa\u00e7\u00e3o sobre o criminoso.<\/p>\n<p>&#8220;Esta deten\u00e7\u00e3o representa um rev\u00e9s significativo para um suposto criminoso perigoso e a sua alegada organiza\u00e7\u00e3o criminosa na Austr\u00e1lia&#8221;, disse.<\/p>\n<p>Note-se que Hamad, de 41 anos, j\u00e1 tinha sido condenado na Austr\u00e1lia por crimes de tr\u00e1fico de droga, tendo sido deportado para o Iraque, em 2023, ap\u00f3s ter cumprido oito anos de pris\u00e3o.<\/p>\n<p>Leia Tamb\u00e9m: <a href=\"https:\/\/www.noticiasaominuto.com\/mundo\/2916922\/estado-de-catastrofe-no-sudeste-da-australia-devido-a-dimensao-dos-fogos\" target=\"_blank\" rel=\"noopener noreferrer nofollow\">Estado de cat\u00e1strofe no sudeste da Austr\u00e1lia devido \u00e0 dimens\u00e3o dos fogos<\/a><\/p>\n","protected":false},"excerpt":{"rendered":"Um dos &#8220;homens mais perigosos do mundo&#8221;, que \u00e9 suspeito de ter tido um papel fundamental na guerra&hellip;\n","protected":false},"author":2,"featured_media":229273,"comment_status":"","ping_status":"","sticky":false,"template":"","format":"standard","meta":{"footnotes":""},"categories":[50],"tags":[27,28,15,16,14,25,26,21,22,62,12,13,19,20,23,24,17,18,29,30,31,63,64,65],"class_list":{"0":"post-229272","1":"post","2":"type-post","3":"status-publish","4":"format-standard","5":"has-post-thumbnail","7":"category-mundo","8":"tag-breaking-news","9":"tag-breakingnews","10":"tag-featured-news","11":"tag-featurednews","12":"tag-headlines","13":"tag-latest-news","14":"tag-latestnews","15":"tag-main-news","16":"tag-mainnews","17":"tag-mundo","18":"tag-news","19":"tag-noticias","20":"tag-noticias-principais","21":"tag-noticiasprincipais","22":"tag-principais-noticias","23":"tag-principaisnoticias","24":"tag-top-stories","25":"tag-topstories","26":"tag-ultimas","27":"tag-ultimas-noticias","28":"tag-ultimasnoticias","29":"tag-world","30":"tag-world-news","31":"tag-worldnews"},"share_on_mastodon":{"url":"https:\/\/pubeurope.com\/@pt\/115896436985958349","error":""},"_links":{"self":[{"href":"https:\/\/www.europesays.com\/pt\/wp-json\/wp\/v2\/posts\/229272","targetHints":{"allow":["GET"]}}],"collection":[{"href":"https:\/\/www.europesays.com\/pt\/wp-json\/wp\/v2\/posts"}],"about":[{"href":"https:\/\/www.europesays.com\/pt\/wp-json\/wp\/v2\/types\/post"}],"author":[{"embeddable":true,"href":"https:\/\/www.europesays.com\/pt\/wp-json\/wp\/v2\/users\/2"}],"replies":[{"embeddable":true,"href":"https:\/\/www.europesays.com\/pt\/wp-json\/wp\/v2\/comments?post=229272"}],"version-history":[{"count":0,"href":"https:\/\/www.europesays.com\/pt\/wp-json\/wp\/v2\/posts\/229272\/revisions"}],"wp:featuredmedia":[{"embeddable":true,"href":"https:\/\/www.europesays.com\/pt\/wp-json\/wp\/v2\/media\/229273"}],"wp:attachment":[{"href":"https:\/\/www.europesays.com\/pt\/wp-json\/wp\/v2\/media?parent=229272"}],"wp:term":[{"taxonomy":"category","embeddable":true,"href":"https:\/\/www.europesays.com\/pt\/wp-json\/wp\/v2\/categories?post=229272"},{"taxonomy":"post_tag","embeddable":true,"href":"https:\/\/www.europesays.com\/pt\/wp-json\/wp\/v2\/tags?post=229272"}],"curies":[{"name":"wp","href":"https:\/\/api.w.org\/{rel}","templated":true}]}}