{"id":229287,"date":"2026-01-15T01:20:11","date_gmt":"2026-01-15T01:20:11","guid":{"rendered":"https:\/\/www.europesays.com\/pt\/229287\/"},"modified":"2026-01-15T01:20:11","modified_gmt":"2026-01-15T01:20:11","slug":"gronelandia-reuniao-de-vance-nao-deu-em-nada-e-trump-continuou-a-subir-retorica-diario-de-noticias","status":"publish","type":"post","link":"https:\/\/www.europesays.com\/pt\/229287\/","title":{"rendered":"Gronel\u00e2ndia. Reuni\u00e3o de Vance n\u00e3o deu em nada e Trump continuou a subir ret\u00f3rica &#8211; Di\u00e1rio de Not\u00edcias"},"content":{"rendered":"<ol>\n<li><a href=\"https:\/\/news.google.com\/rss\/articles\/CBMiqwFBVV95cUxPR185NzZvcGxYWG5jckVoU25fYjk4MVpvV193cVNoZDVSZHd2MEVNNzg2eE5UNDdieGNyZkg4MTItRWhwelNUMGNWSGJNMW5OTlVHdHRULURJWHEtYXRVTS1VaVdvT1REOFBQV0stQ294aURodk15WENkTFM5V1N5QVk3UkVUZTJ1a21KT3ctZ053UGxuQ3NrTDN2cjZKWU5LaTVEbE1OSXF3bDg?oc=5\" target=\"_blank\" rel=\"nofollow noopener\">Gronel\u00e2ndia. Reuni\u00e3o de Vance n\u00e3o deu em nada e Trump continuou a subir ret\u00f3rica<\/a>&nbsp;&nbsp;Di\u00e1rio de Not\u00edcias<\/li>\n<li><a href=\"https:\/\/news.google.com\/rss\/articles\/CBMi2gFBVV95cUxPTEtBXzJnRGVHNVNoczdSV01XR19MVkxHLXRaMVlhbThMTVo2RUNNdHRLc2M2MURVVTRVVjNxcGdKemNlcTR6cVl6cWx2VUdja1VNMlpUcFAzU3dLN3lwLTlOd1hyYVozYkxLYzRnUFJ0cExxSmtUVC1qeWRmRFJEcjU4TV8wMjFwczV6M0JiUXRaeDMzTGZSdjVpVGpqNzBNTzZmbDNMclRrLVoyVFNsVWM5Q1k1UDRNQ1JVcDI0SGl2dGdieDdkc29VX183ZG1BOFZsSEM1NXJpUQ?oc=5\" target=\"_blank\" rel=\"nofollow noopener\">Alemanha anuncia envio de tropas \u00e0 Groenl\u00e2ndia; miss\u00e3o europeia come\u00e7a amanh\u00e3<\/a>&nbsp;&nbsp;UOL Not\u00edcias<\/li>\n<li><a href=\"https:\/\/news.google.com\/rss\/articles\/CBMi8wFBVV95cUxOeVlSUlA3MWkySjkyX1l6NXJYNm5PcUhFUHk5Q3VRTVNXaGwwZ2t5U2VsTXJoVHdXdGVjamhVcU8zeDNCaXpDeXI1ZWRkTC1zc3JmZXkzaXJQVVUxay1vMFBnOGJoMVF2amRQTGxRZW54TE9VMW9qM0VWZzJRd2JOWk5Qa3Bock52THhoWHd5RXlHNXZLRHc2MnhOZUV0VERFQXl0dTFQVjM1bnlHc2g3RWFTZEJyRUExQXhSOHVJVkFodENXZEtTZUVSZjhiTFFZR2t1YjU0WEZOdVY3YWp4Ym11dDZqdzE0Nkt0Zk15R2RSZUHSAYICQVVfeXFMUGZIREFkWWFhRU9heG9lZFdHcFVDVVROWGpDNWpNTlJReXNIb2tFeWZTcU1RemhHOTF2eV9YSkpCM09FV0ZhNi15cUdjNmd4V0t1NXV1OWRDS0haTTl6ejdyNGg5Q1pGSlRoQW1WNmU2RkR4U01sQnVaUjV6czF6clpHS2JtOElXV2ZkRWI2RFAzWXFQX1hGZDY0ZnZ5N2RXU05EVHVNQ1d4LVNhUTlld0dwWF8xeXdEME5BVFRZeUJibGZBQ09yeGlwVzlNV0pJQ1A5NWpBcWFxd0ViLWpPTVphN2VfU0RQWmY4aUxNTUlGUGFxVG43Vm8wdWpVQURRV1JB?oc=5\" target=\"_blank\" rel=\"nofollow noopener\">Pa\u00edses anunciam envio de militares para Groenl\u00e2ndia em meio \u00e0 amea\u00e7as de Trump sobre tomar a regi\u00e3o<\/a>&nbsp;&nbsp;G1<\/li>\n<li><a href=\"https:\/\/news.google.com\/rss\/articles\/CBMi2gFBVV95cUxPSnlhcjM2MUtzTVRLQWV1d2x3ZW9iUjB0VExaRDZzVGpuTG1PV3UwQ3Y0RVJPTzZEZUpRV0VtMFNsWlFBSXNzMjdXRVZ1ZVdtNzlhNjhod1g1UDVSbWIwOERpZmlNSFk3TXN5cnlCNnZ3X0UyU2NRVjNWSHhVU1djbnNYSlZjeVZuQTMxOTNXeTluR28yLTQ5SlBmSkpoSWZuaDQyT2NjbG5MWC10TzFVTzAwRkIxZ2ZtVG82OVRNUnZwVkhuNU15RVZyMTJlV0pLelhtbExBZU1sZw?oc=5\" target=\"_blank\" rel=\"nofollow noopener\">Autoridades dinamarquesas dizem \u00e0 Casa Branca que discordam de plano de Trump para a Groenl\u00e2ndia<\/a>&nbsp;&nbsp;Estad\u00e3o<\/li>\n<li><a href=\"https:\/\/news.google.com\/rss\/articles\/CBMi3wFBVV95cUxPenU1MzdQUHJnNzdySWdiMGsxTktDVnlyUDVBTFdfRllkeUNzUWxROWR1Q1NFQm9SaHVabjZDSE5xemhQLXJHdFFzcTFfeGlfbFlJbVlRY3IzdEl2LVNJT0t0UkJpOHdudW1RQlZIMEFnT19KQW5uZkJxY2hjWDM4aGRka3BsMXJCcW5IN2hrTlR1SmxsVlN1UkJocVFiV3NLRzQ0QV9mZGRsam1FSHJ3cExlamFwSW4xUzlCV2hUeG40cG1aMnY0eDU1UUJka0JrTXhZdndxcldkb3NRNHdN?oc=5\" target=\"_blank\" rel=\"nofollow noopener\">\u2018Consequ\u00eancias ser\u00e3o bastante s\u00e9rias\u2019, diz especialista sobre eventual invas\u00e3o dos EUA na Groenl\u00e2ndia<\/a>&nbsp;&nbsp;R7<\/li>\n<\/ol>\n","protected":false},"excerpt":{"rendered":"Gronel\u00e2ndia. Reuni\u00e3o de Vance n\u00e3o deu em nada e Trump continuou a subir ret\u00f3rica&nbsp;&nbsp;Di\u00e1rio de Not\u00edcias Alemanha anuncia&hellip;\n","protected":false},"author":2,"featured_media":229288,"comment_status":"","ping_status":"","sticky":false,"template":"","format":"standard","meta":{"footnotes":""},"categories":[50],"tags":[27,28,4639,92,306,235,15,16,13033,14,7740,25,26,21,22,18507,62,12,13,19,20,23,24,17,18,29,30,31,63,64,65],"class_list":{"0":"post-229287","1":"post","2":"type-post","3":"status-publish","4":"format-standard","5":"has-post-thumbnail","7":"category-mundo","8":"tag-breaking-news","9":"tag-breakingnews","10":"tag-dinamarca","11":"tag-donald-trump","12":"tag-edicao-impressa","13":"tag-estados-unidos","14":"tag-featured-news","15":"tag-featurednews","16":"tag-gronelandia","17":"tag-headlines","18":"tag-jd-vance","19":"tag-latest-news","20":"tag-latestnews","21":"tag-main-news","22":"tag-mainnews","23":"tag-marco-rubio","24":"tag-mundo","25":"tag-news","26":"tag-noticias","27":"tag-noticias-principais","28":"tag-noticiasprincipais","29":"tag-principais-noticias","30":"tag-principaisnoticias","31":"tag-top-stories","32":"tag-topstories","33":"tag-ultimas","34":"tag-ultimas-noticias","35":"tag-ultimasnoticias","36":"tag-world","37":"tag-world-news","38":"tag-worldnews"},"share_on_mastodon":{"url":"","error":"Validation failed: Text character limit of 500 exceeded"},"_links":{"self":[{"href":"https:\/\/www.europesays.com\/pt\/wp-json\/wp\/v2\/posts\/229287","targetHints":{"allow":["GET"]}}],"collection":[{"href":"https:\/\/www.europesays.com\/pt\/wp-json\/wp\/v2\/posts"}],"about":[{"href":"https:\/\/www.europesays.com\/pt\/wp-json\/wp\/v2\/types\/post"}],"author":[{"embeddable":true,"href":"https:\/\/www.europesays.com\/pt\/wp-json\/wp\/v2\/users\/2"}],"replies":[{"embeddable":true,"href":"https:\/\/www.europesays.com\/pt\/wp-json\/wp\/v2\/comments?post=229287"}],"version-history":[{"count":0,"href":"https:\/\/www.europesays.com\/pt\/wp-json\/wp\/v2\/posts\/229287\/revisions"}],"wp:featuredmedia":[{"embeddable":true,"href":"https:\/\/www.europesays.com\/pt\/wp-json\/wp\/v2\/media\/229288"}],"wp:attachment":[{"href":"https:\/\/www.europesays.com\/pt\/wp-json\/wp\/v2\/media?parent=229287"}],"wp:term":[{"taxonomy":"category","embeddable":true,"href":"https:\/\/www.europesays.com\/pt\/wp-json\/wp\/v2\/categories?post=229287"},{"taxonomy":"post_tag","embeddable":true,"href":"https:\/\/www.europesays.com\/pt\/wp-json\/wp\/v2\/tags?post=229287"}],"curies":[{"name":"wp","href":"https:\/\/api.w.org\/{rel}","templated":true}]}}