{"id":229297,"date":"2026-01-15T01:27:23","date_gmt":"2026-01-15T01:27:23","guid":{"rendered":"https:\/\/www.europesays.com\/pt\/229297\/"},"modified":"2026-01-15T01:27:23","modified_gmt":"2026-01-15T01:27:23","slug":"brasileira-e-presa-na-coreia-do-sul-apos-perseguir-cantor-famoso-do-bts-balancogeral-shorts-r7","status":"publish","type":"post","link":"https:\/\/www.europesays.com\/pt\/229297\/","title":{"rendered":"Brasileira \u00e9 presa na Coreia do Sul ap\u00f3s perseguir cantor famoso do &quot;BTS&quot; | #balan\u00e7ogeral #shorts &#8211; R7"},"content":{"rendered":"<ol>\n<li><a href=\"https:\/\/news.google.com\/rss\/articles\/CBMi0wFBVV95cUxPVUkwdXJPaXgtRHl2c3BUWFRtUHZtNEU2QkVyRUtFZUNQZ1Z3LXNmSTN3aXd6RktRUEtYZ1BRYmF4NXpkbUw2akliRlYzLWFHOXJsZWtrZG9NekRZaHh0UnJHc3A1STE3dUJHYko4dHBkYW1QM0c3NlVwLS11aDJyU0FPVWUzVHJEYzRRYm1Db3ZCOUVCU1lBV24zRnRNMzM2cTVHM1M4UzhHTmZQR01kM3ZCeEoxc0hFREhOWFFGYm9Eb1ZBcGgwLU11ZlN0dmlJdlFn?oc=5\" target=\"_blank\" rel=\"nofollow noopener\">Brasileira \u00e9 presa na Coreia do Sul ap\u00f3s perseguir cantor famoso do &#8220;BTS&#8221; | #balan\u00e7ogeral #shorts<\/a>&nbsp;&nbsp;R7<\/li>\n<li><a href=\"https:\/\/news.google.com\/rss\/articles\/CBMioAJBVV95cUxNMmRPTjVyb3BZajNhSjI2UGVSNGJiY0FyTm45aHdkRWh4Q0pjdGQyajdtenhBam9JWDRCU1YwcG15M2xIZWNUam1hczhDNTEtZS1ZQUJidE9fdEFtUEo0ejZvSWhLNUZxR0ozb2JDTGM4cGFFNmdhSko0aEVLMXFRZElhV0pPUl9XSTNQeDZLZi1hZkVmTnJlT3VFRnhTWk1vUDd2VEozX3A5azYwSkRKOXNGd0lLWk5tOThDZDk2X3lTWXFxQ09hYUQxN3Z1SEs0NDk5MWhLUTV6ZUIxNUEtdEhxd0hYemNoYTJyeTM0ZXZCZnFrYUhJWUtEY0FJS1ZZMlp0cEdPT1FGbTZOS0l3RnRoRnRRVU5aTmpJMklCcTbSAa8CQVVfeXFMTkZVdUJDZHVzS0Q0anZ0NTVsRVZjS0x4WDBLRll2Q3JFdmsyM3dqWDd4UzEtM1BMRDltQi1RQnNSZFhYV0ZVWHc3Q1FSVWpHRy1zR0pqcFduM0xuT2J1dlN1VWJJWWkxS29fMVVjclY1R0VseHRBS291MjdOWDdkR2RhNG9RS21ZQWlDcEFKeWtjVThnSDJaUWd4WEpMWjEzbzBRV3BOOFJuaVVxcHV2UEJvMURVa3hzUm1OQW41RWhrZXRPRHd6cHBHQjl5N0I4bnhQS0VJTVVXenV3WlFKeWxFRTBmTDJSb0dCaFF2OWRMU2t6S1NkTVk1UGd3TU9nR29ieXF3amFhTjh2cWxIdWxlTWJ5LU9fY2tQd0RFSmt4SjJWaktVTE9rc2FwRGM0?oc=5\" target=\"_blank\" rel=\"nofollow noopener\">Fam\u00edlia de brasileira detida na Coreia do Sul por stalkear Jung Kook, do BTS, diz que ela tem transtorno mental e tenta traz\u00ea-la ao Brasil<\/a>&nbsp;&nbsp;G1<\/li>\n<li><a href=\"https:\/\/news.google.com\/rss\/articles\/CBMi3gFBVV95cUxQN3Z2bnFEdlA0dGQ0OUNWeHFWazg4N2hfRDFpYjJ5azZrZmJwYVpEOVZtVE5yOVRMVEZHSWlxLUx6U0toUnh0OHUyYVhMQjB5cmdmSEYwSWp5SGtZd04zVk1YVFRWMzRxVmJIdzhFVzExY2Q5SEZ6T3czc1VPSkNoNkpRbHdvVU1wckU4ZDl6NW1xSGpTT001NUVhb1RhVFNoN0NPdDRLQzBGR25wVEFlTTNSSjBKeGVlRGVpbkFZcmhuUDZtVjVDV0I5b1ZBM1ZlcWlJRHdqY0Y4bGI2RXc?oc=5\" target=\"_blank\" rel=\"nofollow noopener\">BTS: Fam\u00edlia de stalker brasileira de Jungkook faz apelo para trazer jovem de volta ao Brasil<\/a>&nbsp;&nbsp;Recreio<\/li>\n<li><a href=\"https:\/\/news.google.com\/rss\/articles\/CBMi1wFBVV95cUxNbW9rUjRNck9OejZaLVNsdThkU3k5d3VMTmwzOWJyeWZ0WVNNa1dDQnVWRmRxc0U1OW1Nc2NlV25qNFB5U2xTWTRWS2ZIa3hsMlpaQXhiSUlsM0dtWUs3VHM3SmExbXFDZUhEdGYzRUZLaUcxdUVURG1La1JnLUNTXzVockZlWmNLVmZaMUM4Z09pOUd4UFREUzVCWG1PQmdhOEo5RVpwRDRiT05HZmw1R3owLXFrVmtIOXJ2cmlkZ2w0RHduWFZBY3RiRm45aFZsV2swMDV0Z9IB3AFBVV95cUxPT2JOMlV3Y1I4bi1ZSUQ4VHhOUzdSRVlVUXEzWDRVNGNVZGVOZ3JxbTFreXFrYmFyS1I2MFNLWlVOeDlVMnQtZ013V0RaTXJtcmVnMUZQMWwtV1dHVndGWUwwT1NlS1JXczFwTDlWMTAyb3Y1M2VtaWlwYTVwZmRXQ1QtTXduRnI3MTZjVjRqUjN6dTN0ZzAwaElFc0hsWWp1bEc3Nm9VRmNhdzFBSXNjLTRQOXdXYWFYXzBsdF9JaU56NWRUZGQ4MU9nSEZSQjcxcVlMZzhiRnFjY0pf?oc=5\" target=\"_blank\" rel=\"nofollow noopener\">Fam\u00edlia de brasileira detida por perseguir Jungkook, astro do BTS, revela diagn\u00f3stico de sa\u00fade da mulher<\/a>&nbsp;&nbsp;Hugo Gloss<\/li>\n<li><a href=\"https:\/\/news.google.com\/rss\/articles\/CBMiqgFBVV95cUxQczlmOVVJSWwxeDdLZnV6OFpnMERRQjVwM05SSnZ0NnJZYW03UzYwMEV1eXVWV0JzNzZTWnNoN05SamMzaERFcWxUQURzSDlqN25OT2xVLXQxLVNzMkJCN0g2NjJpTk0zb1VkNEF4QTVUNE80WUVlWmdfVDlmUlE2YnRPemJrQmxnNXplYnF2UDY5N0dOTzJpU0JtNUZFYmdNMUJBNzNWX1dFQQ?oc=5\" target=\"_blank\" rel=\"nofollow noopener\">Brasileira diz ser \u201calma g\u00eamea\u201d de Jung Kook e \u00e9 presa na Coreia do Sul<\/a>&nbsp;&nbsp;Metr\u00f3poles<\/li>\n<\/ol>\n","protected":false},"excerpt":{"rendered":"Brasileira \u00e9 presa na Coreia do Sul ap\u00f3s perseguir cantor famoso do &#8220;BTS&#8221; | #balan\u00e7ogeral #shorts&nbsp;&nbsp;R7 Fam\u00edlia de&hellip;\n","protected":false},"author":2,"featured_media":229298,"comment_status":"","ping_status":"","sticky":false,"template":"","format":"standard","meta":{"footnotes":""},"categories":[141],"tags":[114,115,149,150,32,33],"class_list":{"0":"post-229297","1":"post","2":"type-post","3":"status-publish","4":"format-standard","5":"has-post-thumbnail","7":"category-musica","8":"tag-entertainment","9":"tag-entretenimento","10":"tag-music","11":"tag-musica","12":"tag-portugal","13":"tag-pt"},"share_on_mastodon":{"url":"https:\/\/pubeurope.com\/@pt\/115896519415523910","error":""},"_links":{"self":[{"href":"https:\/\/www.europesays.com\/pt\/wp-json\/wp\/v2\/posts\/229297","targetHints":{"allow":["GET"]}}],"collection":[{"href":"https:\/\/www.europesays.com\/pt\/wp-json\/wp\/v2\/posts"}],"about":[{"href":"https:\/\/www.europesays.com\/pt\/wp-json\/wp\/v2\/types\/post"}],"author":[{"embeddable":true,"href":"https:\/\/www.europesays.com\/pt\/wp-json\/wp\/v2\/users\/2"}],"replies":[{"embeddable":true,"href":"https:\/\/www.europesays.com\/pt\/wp-json\/wp\/v2\/comments?post=229297"}],"version-history":[{"count":0,"href":"https:\/\/www.europesays.com\/pt\/wp-json\/wp\/v2\/posts\/229297\/revisions"}],"wp:featuredmedia":[{"embeddable":true,"href":"https:\/\/www.europesays.com\/pt\/wp-json\/wp\/v2\/media\/229298"}],"wp:attachment":[{"href":"https:\/\/www.europesays.com\/pt\/wp-json\/wp\/v2\/media?parent=229297"}],"wp:term":[{"taxonomy":"category","embeddable":true,"href":"https:\/\/www.europesays.com\/pt\/wp-json\/wp\/v2\/categories?post=229297"},{"taxonomy":"post_tag","embeddable":true,"href":"https:\/\/www.europesays.com\/pt\/wp-json\/wp\/v2\/tags?post=229297"}],"curies":[{"name":"wp","href":"https:\/\/api.w.org\/{rel}","templated":true}]}}