{"id":229311,"date":"2026-01-15T01:37:13","date_gmt":"2026-01-15T01:37:13","guid":{"rendered":"https:\/\/www.europesays.com\/pt\/229311\/"},"modified":"2026-01-15T01:37:13","modified_gmt":"2026-01-15T01:37:13","slug":"tati-bernardi-lanca-clube-de-escrita-com-foco-em-cronicas-14-01-2026-monica-bergamo","status":"publish","type":"post","link":"https:\/\/www.europesays.com\/pt\/229311\/","title":{"rendered":"Tati Bernardi lan\u00e7a clube de escrita com foco em cr\u00f4nicas &#8211; 14\/01\/2026 &#8211; M\u00f4nica Bergamo"},"content":{"rendered":"<p>A <a href=\"https:\/\/www1.folha.uol.com.br\/colunas\/tatibernardi\/\" rel=\"nofollow noopener\" target=\"\">escritora e colunista da Folha Tati Bernardi<\/a> inicia, em 24 de fevereiro, um clube de escrita e leitura cujo foco \u00e9 incentivar os participantes a produzirem suas pr\u00f3prias cr\u00f4nicas pessoais. Ao estilo bem-humorado da colunista, o t\u00edtulo do curso \u00e9 Fale Mal, Mas Fale de Voc\u00ea.<\/p>\n<p>O programa vai trazer discuss\u00f5es sobre obras liter\u00e1rias que tratam de mem\u00f3rias, de <a href=\"https:\/\/www1.folha.uol.com.br\/ilustrada\/2025\/08\/minha-autoficcao-nunca-deixou-de-ser-uma-egotrip-diz-tati-bernardi-na-flip.shtml\" rel=\"nofollow noopener\" target=\"\">autofic\u00e7\u00e3o <\/a>\u2014mistura de realidade e fic\u00e7\u00e3o, onde o autor usa suas experi\u00eancias como mat\u00e9ria-prima, mas com a liberdade de recriar, inventar e transformar esses eventos\u2014 e <a href=\"https:\/\/www1.folha.uol.com.br\/colunas\/tatibernardi\/2024\/02\/annie-ernaux-explica-em-livro-por-que-inventou-uma-forma-de-escrever.shtml\" rel=\"nofollow noopener\" target=\"\">autossociobiogr\u00e1ficas <\/a>\u2014g\u00eanero que funde a mem\u00f3ria pessoal com o contexto hist\u00f3rico e social.<\/p>\n<p>O clube funcionar\u00e1 em formato online, com seis encontros mensais at\u00e9 o final de julho, quando tamb\u00e9m haver\u00e1 um encontro presencial em S\u00e3o Paulo. Todas as conversas ser\u00e3o gravadas para consulta posterior.<\/p>\n<p>Os participantes enviar\u00e3o suas cr\u00f4nicas para leitura da escritora e, mensalmente, ela selecionar\u00e1 tr\u00eas textos para comentar e divulgar na newsletter exclusiva e no Instagram privado do clube. A cr\u00f4nica favorita do semestre ser\u00e1 tema do encontro presencial.<\/p>\n<p>Os livros escolhidos por Tati s\u00e3o de autores da literatura contempor\u00e2nea: <a href=\"https:\/\/www1.folha.uol.com.br\/ilustrada\/2024\/10\/autobiografia-e-a-literatura-mais-coletiva-diz-edouard-louis-estrela-da-flip.shtml\" rel=\"nofollow noopener\" target=\"\">\u00c9douard Louis<\/a>, Ernest Hemingway, Emmanuel Carr\u00e8re, <a href=\"https:\/\/www1.folha.uol.com.br\/folha-topicos\/conceicao-evaristo\/\" rel=\"nofollow noopener\" target=\"\">Concei\u00e7\u00e3o Evaristo<\/a>, Vivian Gornick e <a href=\"https:\/\/www1.folha.uol.com.br\/ilustrada\/2024\/06\/tatiana-salem-levy-narra-abuso-sexual-por-padrasto-em-romance-autobiografico.shtml\" rel=\"nofollow noopener\" target=\"\">Tatiana Salem Levy<\/a>. A coprodu\u00e7\u00e3o do projeto \u00e9 da Ag\u00eancia Casa Buca.<\/p>\n<p>As inscri\u00e7\u00f5es j\u00e1 est\u00e3o abertas e podem ser feitas pelo site www.tatibernardi.com. O custo \u00e9 de R$ 89 mensais ou R$ 470 para pagamento \u00e0 vista pelo semestre. Quem tiver d\u00favidas pode escrever para clube@tatibernardi.com.<\/p>\n<p>com <strong>IVAN FINOTTI (INTERINO), DIEGO ALEJANDRO, KARINA MATIAS e VICT\u00d3RIA C\u00d3COLO<\/strong><\/p>\n<p class=\"c-context__content\">&#13;<br \/>\n    <strong>LINK PRESENTE:<\/strong> Gostou deste texto? Assinante pode liberar sete acessos gratuitos de qualquer link por dia. Basta clicar no F azul abaixo.&#13;\n  <\/p>\n","protected":false},"excerpt":{"rendered":"A escritora e colunista da Folha Tati Bernardi inicia, em 24 de fevereiro, um clube de escrita e&hellip;\n","protected":false},"author":2,"featured_media":229312,"comment_status":"","ping_status":"","sticky":false,"template":"","format":"standard","meta":{"footnotes":""},"categories":[145],"tags":[211,210,114,115,23152,236,32,33,44031],"class_list":{"0":"post-229311","1":"post","2":"type-post","3":"status-publish","4":"format-standard","5":"has-post-thumbnail","7":"category-celebridades","8":"tag-celebridades","9":"tag-celebrities","10":"tag-entertainment","11":"tag-entretenimento","12":"tag-escrita","13":"tag-folha","14":"tag-portugal","15":"tag-pt","16":"tag-tati-bernardi"},"share_on_mastodon":{"url":"https:\/\/pubeurope.com\/@pt\/115896558738900520","error":""},"_links":{"self":[{"href":"https:\/\/www.europesays.com\/pt\/wp-json\/wp\/v2\/posts\/229311","targetHints":{"allow":["GET"]}}],"collection":[{"href":"https:\/\/www.europesays.com\/pt\/wp-json\/wp\/v2\/posts"}],"about":[{"href":"https:\/\/www.europesays.com\/pt\/wp-json\/wp\/v2\/types\/post"}],"author":[{"embeddable":true,"href":"https:\/\/www.europesays.com\/pt\/wp-json\/wp\/v2\/users\/2"}],"replies":[{"embeddable":true,"href":"https:\/\/www.europesays.com\/pt\/wp-json\/wp\/v2\/comments?post=229311"}],"version-history":[{"count":0,"href":"https:\/\/www.europesays.com\/pt\/wp-json\/wp\/v2\/posts\/229311\/revisions"}],"wp:featuredmedia":[{"embeddable":true,"href":"https:\/\/www.europesays.com\/pt\/wp-json\/wp\/v2\/media\/229312"}],"wp:attachment":[{"href":"https:\/\/www.europesays.com\/pt\/wp-json\/wp\/v2\/media?parent=229311"}],"wp:term":[{"taxonomy":"category","embeddable":true,"href":"https:\/\/www.europesays.com\/pt\/wp-json\/wp\/v2\/categories?post=229311"},{"taxonomy":"post_tag","embeddable":true,"href":"https:\/\/www.europesays.com\/pt\/wp-json\/wp\/v2\/tags?post=229311"}],"curies":[{"name":"wp","href":"https:\/\/api.w.org\/{rel}","templated":true}]}}