{"id":229395,"date":"2026-01-15T02:51:20","date_gmt":"2026-01-15T02:51:20","guid":{"rendered":"https:\/\/www.europesays.com\/pt\/229395\/"},"modified":"2026-01-15T02:51:20","modified_gmt":"2026-01-15T02:51:20","slug":"quero-estar-do-lado-certo-da-historia","status":"publish","type":"post","link":"https:\/\/www.europesays.com\/pt\/229395\/","title":{"rendered":"Quero estar do lado certo da Hist\u00f3ria"},"content":{"rendered":"<p>Ricardo Quaresma integra a Comiss\u00e3o de Honra da candidatura de <a href=\"https:\/\/www.instagram.com\/ajseguro\/\" target=\"_blank\" rel=\"noopener nofollow\">Ant\u00f3nio Jos\u00e9 Seguro<\/a> \u00e0 Presid\u00eancia da Rep\u00fablica.<\/p>\n<p>\u201c<strong>Por Portugal, nunca virei a cara \u00e0 luta. Sei reconhecer quem n\u00e3o desiste do pa\u00eds nem das pessoas. Quero estar do lado certo da Hist\u00f3ria. Por isso, estou com o Ant\u00f3nio Jos\u00e9 Seguro<\/strong>\u201c, declarou.<\/p>\n<p>As elei\u00e7\u00f5es presidenciais est\u00e3o agendadas para este domingo, 18 de janeiro.<\/p>\n<p><script async src=\"\/\/www.instagram.com\/embed.js\"><\/script><\/p>\n","protected":false},"excerpt":{"rendered":"Ricardo Quaresma integra a Comiss\u00e3o de Honra da candidatura de Ant\u00f3nio Jos\u00e9 Seguro \u00e0 Presid\u00eancia da Rep\u00fablica. \u201cPor&hellip;\n","protected":false},"author":2,"featured_media":229396,"comment_status":"","ping_status":"","sticky":false,"template":"","format":"standard","meta":{"footnotes":""},"categories":[8],"tags":[27,28,15,16,14,25,26,21,22,12,13,19,20,32,23,24,33,17,18,29,30,31],"class_list":{"0":"post-229395","1":"post","2":"type-post","3":"status-publish","4":"format-standard","5":"has-post-thumbnail","7":"category-principais-noticias","8":"tag-breaking-news","9":"tag-breakingnews","10":"tag-featured-news","11":"tag-featurednews","12":"tag-headlines","13":"tag-latest-news","14":"tag-latestnews","15":"tag-main-news","16":"tag-mainnews","17":"tag-news","18":"tag-noticias","19":"tag-noticias-principais","20":"tag-noticiasprincipais","21":"tag-portugal","22":"tag-principais-noticias","23":"tag-principaisnoticias","24":"tag-pt","25":"tag-top-stories","26":"tag-topstories","27":"tag-ultimas","28":"tag-ultimas-noticias","29":"tag-ultimasnoticias"},"share_on_mastodon":{"url":"https:\/\/pubeurope.com\/@pt\/115896849890308840","error":""},"_links":{"self":[{"href":"https:\/\/www.europesays.com\/pt\/wp-json\/wp\/v2\/posts\/229395","targetHints":{"allow":["GET"]}}],"collection":[{"href":"https:\/\/www.europesays.com\/pt\/wp-json\/wp\/v2\/posts"}],"about":[{"href":"https:\/\/www.europesays.com\/pt\/wp-json\/wp\/v2\/types\/post"}],"author":[{"embeddable":true,"href":"https:\/\/www.europesays.com\/pt\/wp-json\/wp\/v2\/users\/2"}],"replies":[{"embeddable":true,"href":"https:\/\/www.europesays.com\/pt\/wp-json\/wp\/v2\/comments?post=229395"}],"version-history":[{"count":0,"href":"https:\/\/www.europesays.com\/pt\/wp-json\/wp\/v2\/posts\/229395\/revisions"}],"wp:featuredmedia":[{"embeddable":true,"href":"https:\/\/www.europesays.com\/pt\/wp-json\/wp\/v2\/media\/229396"}],"wp:attachment":[{"href":"https:\/\/www.europesays.com\/pt\/wp-json\/wp\/v2\/media?parent=229395"}],"wp:term":[{"taxonomy":"category","embeddable":true,"href":"https:\/\/www.europesays.com\/pt\/wp-json\/wp\/v2\/categories?post=229395"},{"taxonomy":"post_tag","embeddable":true,"href":"https:\/\/www.europesays.com\/pt\/wp-json\/wp\/v2\/tags?post=229395"}],"curies":[{"name":"wp","href":"https:\/\/api.w.org\/{rel}","templated":true}]}}