{"id":229419,"date":"2026-01-15T03:15:14","date_gmt":"2026-01-15T03:15:14","guid":{"rendered":"https:\/\/www.europesays.com\/pt\/229419\/"},"modified":"2026-01-15T03:15:14","modified_gmt":"2026-01-15T03:15:14","slug":"sete-novos-especiais-de-stand-up-de-luana-do-bem-a-gervais-observador","status":"publish","type":"post","link":"https:\/\/www.europesays.com\/pt\/229419\/","title":{"rendered":"Sete novos especiais de stand-up, de Luana do Bem a Gervais \u2013 Observador"},"content":{"rendered":"<p>            Sarah Sherman<\/p>\n<p>Se o nome de Sarah Squirm n\u00e3o \u00e9 familiar, a cara \u00e9, pelo menos para os f\u00e3s de Saturday Night Live, o programa de sketches humor\u00edsticos protagonizados por comediantes e artistas convidados, emitido pelo canal americano NBC. Aqui, o registo \u00e9 totalmente diferente, porque a criatura trajada de arlequim que faz gestos obscenos e vozinhas em palco, enquanto conta piadas escatol\u00f3gicas e de grafismo question\u00e1vel, \u00e9, na verdade, o alter-ego da comediante Sarah Sherman. Live + In the Flesh \u00e9 o seu primeiro especial de com\u00e9dia, dispon\u00edvel agora na HBO, e que n\u00e3o promete agradar a toda a gente.<\/p>\n<p>Muito diferente do stand-up tradicional, Live + In the Flesh tem uma preocupa\u00e7\u00e3o est\u00e9tica que destoa do habitual banco e microfone no meio do palco: desde a roupa da comediante, passando pelo cen\u00e1rio alusivo ao corpo humano, pelas imagens projetadas \u2014 que d\u00e3o a volta ao est\u00f4mago dos mais fortes! \u2014 e pela anima\u00e7\u00e3o que abre o especial, Sherman desafia os limites do espet\u00e1culo de humor. Sem d\u00favida, uma humorista a quem prestar aten\u00e7\u00e3o.<\/p>\n<p>Kumail Nanjiani<\/p>\n<p>Apesar da carreira de sucesso em Hollywood, \u00e0s vezes Kumail Nanjiani fica acordado \u00e0 noite a pensar em coisas ins\u00f3litas. A forma como se despediu num e-mail ou o guaxinim que costumava assaltar o seu jardim s\u00e3o reflex\u00f5es que inspiraram o novo especial estreado na Disney+ a 19 de dezembro, Night Thoughts, nomeado para Globo de Ouro. O comediante de origem paquistanesa radicado nos EUA n\u00e3o pisava os palcos desde 2013 \u2014 quando fez uma digress\u00e3o com o seu (at\u00e9 ent\u00e3o) \u00faltimo solo de stand-up, Beta Male, <a href=\"https:\/\/www.youtube.com\/watch?v=EVg8nEGL7-o&amp;pp=ygURYmV0YSBtYWxlIG5hbmphbmk%3D\" rel=\"nofollow noopener\" target=\"_blank\">dispon\u00edvel no YouTube<\/a>.<\/p>\n<p>Entretanto, muita coisa mudou: Nanjiani protagonizou v\u00e1rios filmes, alguns dos quais lhe renderam nomea\u00e7\u00f5es a \u00d3scares e SAG Awards, como The Big Sick (realizado por Michael Showalter, com Nanjiani, Zoe Kazan e Holly Hunter). Menos \u00eaxito teve o grande desastre de bilheteiras da Marvel, Eternals, de 2021, filme que contava com um elenco de luxo e prometia relan\u00e7ar a carreira de Angelina Jolie. \u201cCr\u00edtica Negativa Conduz Nanjiani \u00e0 Terapia\u201d, diziam os jornais depois da estreia, numa leitura sensacionalista do que realmente se passou: \u201cTive que aprender a ver valor em mim pr\u00f3prio, e n\u00e3o baseado em opini\u00f5es que outras pessoas t\u00eam sobre o meu trabalho. \u00c9 por isso que comecei a fazer terapia\u201d, afirmou entretanto. Em Night Thoughts fala sobre o que mudou desde 2013, que foi quase tudo. Apenas a paix\u00e3o pelo gato Bagel permanece igual.<\/p>\n<p>Ricky Gervais<\/p>\n<p>O brit\u00e2nico regressou \u00e0 Netflix com um novo especial de com\u00e9dia, dois anos depois da estreia de Armageddon (2023), que liderou o top da plataforma de streaming e recebeu um Globo de Ouro. Ao contr\u00e1rio do que sugere o t\u00edtulo, Mortality \u00e9 uma celebra\u00e7\u00e3o da vida, uma oportunidade para Gervais, de 64 anos, refletir sobre o estado do mundo. A liberdade de express\u00e3o, a cultura do cancelamento e a evolu\u00e7\u00e3o da moralidade s\u00e3o alguns dos temas que explora, sempre com humor negro e sem receio de gerar controv\u00e9rsia \u2014 como faz h\u00e1 d\u00e9cadas. Tanto Armageddon como SuperNature (2022) levantaram ondas de contesta\u00e7\u00e3o, para l\u00e1 de peti\u00e7\u00f5es para a Netflix remover piadas.<\/p>\n<p>Argumentista e ator na vers\u00e3o brit\u00e2nica do The Office \u2014 posteriormente exportada para os EUA, com Steve Carell no papel principal \u2014, Ricky Gervais \u00e9 um dos comediantes mais reconhecidos \u00e0 escala mundial. Em Mortality, mostra a honestidade brutal de sempre e n\u00e3o se inibe de falar sobre temas desconfort\u00e1veis, como pedofilia ou racismo. Dispon\u00edvel na Netflix desde 30 de dezembro, o novo especial venceu o Globo de Ouro de Melhor Performance de Com\u00e9dia Stand-Up em Televis\u00e3o.<\/p>\n<p>Dave Chappelle<\/p>\n<p>Dave Chappelle \u00e9 outro veterano da com\u00e9dia, impar\u00e1vel no novo especial de stand-up que lan\u00e7ou sem aviso, dia 19 de dezembro na Netflix. Ao vivo em Washington D.C., The Unstoppable\u2026 \u00e9 o t\u00edtulo de um espet\u00e1culo que coloca a opress\u00e3o racista e a cr\u00edtica \u00e0 administra\u00e7\u00e3o Trump no centro do discurso. Atrav\u00e9s de hist\u00f3rias engra\u00e7adas (e \u00e0s vezes tr\u00e1gicas) centradas na comunidade afro-americana, Chappelle faz coment\u00e1rio social e n\u00e3o prima pela subtileza: de todos os s\u00edtios, escolheu a capital do pa\u00eds para gravar o especial, no que parece uma provoca\u00e7\u00e3o ao presidente \u2014 apesar de ser tamb\u00e9m a terra natal do comediante.<\/p>\n<p>Entre cigarros acesos e apagados, Chappelle reflete sobre v\u00e1rios acontecimentos da pol\u00edtica americana e mundial e sobre a participa\u00e7\u00e3o no Festival de Com\u00e9dia de Riad, bastante contestado por organiza\u00e7\u00f5es de direitos humanos. Numa parceria de longa data com a Netflix, este \u00e9 o oitavo especial do humorista na plataforma.<\/p>\n<p>Marcello Hern\u00e1ndez<\/p>\n<p>Outra sensa\u00e7\u00e3o do SNL \u00e9 Marcello Hern\u00e1ndez, c\u00e9lebremente conhecido por Domingo, depois de um conjunto de sketches do programa que viralizaram, nos quais interpreta um mulherengo latino com esse nome. Fora de personagem, e apesar do aspeto de \u201ccapit\u00e3o da equipa de lacrosse\u201d, Hernand\u00e9z celebra a origem latina (a m\u00e3e \u00e9 cubana e o pai dominicano) e nisso centra o seu primeiro especial de stand-up, intitulado, em jeito ir\u00f3nico, de American Boy.<\/p>\n<p>A partir da inf\u00e2ncia passada em Miami, o comediante explora o que \u00e9 crescer numa fam\u00edlia imigrante, onde dan\u00e7ar salsa \u00e9 uma obriga\u00e7\u00e3o familiar e ter problemas de sa\u00fade mental \u00e9 proibido.<\/p>\n<p>Luana do Bem<\/p>\n<p>Crente \u00e9 o nome do novo especial de Luana do Bem, j\u00e1 dispon\u00edvel no YouTube. Se o t\u00edtulo sugere uma interpreta\u00e7\u00e3o religiosa, a atitude da comediante n\u00e3o \u00e9 propriamente crist\u00e3. E Luana est\u00e1 em paz com isso. Ali\u00e1s, n\u00e3o tem qualquer problema em confessar os seus pecados. \u00c9 l\u00e9sbica, mentirosa compulsiva, irrit\u00e1vel e viciada em Casa dos Segredos. Mas, pelo menos, deixou de fumar.<\/p>\n<p>Num tom descontra\u00eddo, a comediante discorre sobre epis\u00f3dios do seu quotidiano, encadeados de forma inteligente. O espet\u00e1culo foi gravado no Teatro Tivoli BBVA, em Lisboa, em janeiro de 2025, diante de uma sala esgotada. Apesar de Crente ser a estreia de Luana pelos palcos do pa\u00eds, j\u00e1 era conhecida pela participa\u00e7\u00e3o no programa de entretenimento jovem Curto Circuito, que fez at\u00e9 2022, e por pertencer ao painel de Irrita\u00e7\u00f5es, ambos emitidos na SIC Radical.<\/p>\n<p>M\u00e1rio Falc\u00e3o<\/p>\n<p>A lista termina com outro nome portugu\u00eas, o comediante natural de Massam\u00e1 \u2014 facto a que alude com frequ\u00eancia e com orgulho \u2014 M\u00e1rio Falc\u00e3o, que disponibilizou o primeiro espet\u00e1culo a solo no YouTube dia 27 de dezembro. Menino de Ouro, gravado no Teatro Villaret em maio, dificilmente assinala a estreia de Falc\u00e3o nos palcos de stand-up lisboetas, onde j\u00e1 atua desde 2021. Fora isso, foi guionista do programa 5 Para a Meia-Noite e tem um podcast, Correr de Chinelos, com dois colegas humoristas, H\u00e9lder Machado e Rodrigo Correia.<\/p>\n<p>Menino de Ouro \u00e9 uma reflex\u00e3o abrangente, sobre pol\u00edtica nacional, ser jovem nos anos 90, fam\u00edlias disfuncionais e crescer na linha de Sintra. Num espet\u00e1culo profundamente portugu\u00eas e com alguns momentos \u00edntimos, que nunca se levam a s\u00e9rio, M\u00e1rio Falc\u00e3o descreve uma realidade familiar e interpela os \u201cmanos\u201d e \u201cmalucos\u201d da audi\u00eancia, com quem fala como se fossem amigos.<\/p>\n","protected":false},"excerpt":{"rendered":"Sarah Sherman Se o nome de Sarah Squirm n\u00e3o \u00e9 familiar, a cara \u00e9, pelo menos para os&hellip;\n","protected":false},"author":2,"featured_media":229420,"comment_status":"","ping_status":"","sticky":false,"template":"","format":"standard","meta":{"footnotes":""},"categories":[85],"tags":[315,114,115,222,32,33],"class_list":{"0":"post-229419","1":"post","2":"type-post","3":"status-publish","4":"format-standard","5":"has-post-thumbnail","7":"category-entretenimento","8":"tag-cultura","9":"tag-entertainment","10":"tag-entretenimento","11":"tag-humor","12":"tag-portugal","13":"tag-pt"},"share_on_mastodon":{"url":"https:\/\/pubeurope.com\/@pt\/115896944100886204","error":""},"_links":{"self":[{"href":"https:\/\/www.europesays.com\/pt\/wp-json\/wp\/v2\/posts\/229419","targetHints":{"allow":["GET"]}}],"collection":[{"href":"https:\/\/www.europesays.com\/pt\/wp-json\/wp\/v2\/posts"}],"about":[{"href":"https:\/\/www.europesays.com\/pt\/wp-json\/wp\/v2\/types\/post"}],"author":[{"embeddable":true,"href":"https:\/\/www.europesays.com\/pt\/wp-json\/wp\/v2\/users\/2"}],"replies":[{"embeddable":true,"href":"https:\/\/www.europesays.com\/pt\/wp-json\/wp\/v2\/comments?post=229419"}],"version-history":[{"count":0,"href":"https:\/\/www.europesays.com\/pt\/wp-json\/wp\/v2\/posts\/229419\/revisions"}],"wp:featuredmedia":[{"embeddable":true,"href":"https:\/\/www.europesays.com\/pt\/wp-json\/wp\/v2\/media\/229420"}],"wp:attachment":[{"href":"https:\/\/www.europesays.com\/pt\/wp-json\/wp\/v2\/media?parent=229419"}],"wp:term":[{"taxonomy":"category","embeddable":true,"href":"https:\/\/www.europesays.com\/pt\/wp-json\/wp\/v2\/categories?post=229419"},{"taxonomy":"post_tag","embeddable":true,"href":"https:\/\/www.europesays.com\/pt\/wp-json\/wp\/v2\/tags?post=229419"}],"curies":[{"name":"wp","href":"https:\/\/api.w.org\/{rel}","templated":true}]}}