{"id":229421,"date":"2026-01-15T03:16:16","date_gmt":"2026-01-15T03:16:16","guid":{"rendered":"https:\/\/www.europesays.com\/pt\/229421\/"},"modified":"2026-01-15T03:16:16","modified_gmt":"2026-01-15T03:16:16","slug":"civilization-7-tera-versao-mobile","status":"publish","type":"post","link":"https:\/\/www.europesays.com\/pt\/229421\/","title":{"rendered":"Civilization 7 ter\u00e1 vers\u00e3o mobile"},"content":{"rendered":"<p>Sid Meier\u2019s Civilization VII est\u00e1 a caminho dos dispositivos Apple, atrav\u00e9s do Apple Arcade com vers\u00f5es iPhone, iPad e Mac numa Sid Meier\u2019s Civilization VII Arcade Edition.<\/p>\n<p>Se quiseres, podes jogar Civilization VII Arcade Edition em casa ou fora de casa atrav\u00e9s dos teus v\u00e1rios dispositivos Apple, para tomar decis\u00f5es estrat\u00e9gicas de forma ponderada. O servi\u00e7o por subscri\u00e7\u00e3o da Apple torna-se na forma de obter o jogo nos dispositivos mobile, uma vez que n\u00e3o foi anunciada forma de o comprar em separado.<\/p>\n<p>Esta Civilization VII Arcade Edition representa o mais recente esfor\u00e7o da Apple para adicionar jogos de PC e consola ao seu servi\u00e7o, parte de uma lista de novos jogos que chegam ao Apple Arcade j\u00e1 a 5 de fevereiro para todos os subscritores.<\/p>\n<p>Retrocade, Felicity\u2019s Door, e I Love Hue Too+ s\u00e3o as restantes novidades Apple Arcade de fevereiro de 2026.<\/p>\n","protected":false},"excerpt":{"rendered":"Sid Meier\u2019s Civilization VII est\u00e1 a caminho dos dispositivos Apple, atrav\u00e9s do Apple Arcade com vers\u00f5es iPhone, iPad&hellip;\n","protected":false},"author":2,"featured_media":229422,"comment_status":"","ping_status":"","sticky":false,"template":"","format":"standard","meta":{"footnotes":""},"categories":[84],"tags":[109,107,108,32,33,105,103,104,106,110],"class_list":{"0":"post-229421","1":"post","2":"type-post","3":"status-publish","4":"format-standard","5":"has-post-thumbnail","7":"category-ciencia-e-tecnologia","8":"tag-ciencia","9":"tag-ciencia-e-tecnologia","10":"tag-cienciaetecnologia","11":"tag-portugal","12":"tag-pt","13":"tag-science","14":"tag-science-and-technology","15":"tag-scienceandtechnology","16":"tag-technology","17":"tag-tecnologia"},"share_on_mastodon":{"url":"https:\/\/pubeurope.com\/@pt\/115896947986780727","error":""},"_links":{"self":[{"href":"https:\/\/www.europesays.com\/pt\/wp-json\/wp\/v2\/posts\/229421","targetHints":{"allow":["GET"]}}],"collection":[{"href":"https:\/\/www.europesays.com\/pt\/wp-json\/wp\/v2\/posts"}],"about":[{"href":"https:\/\/www.europesays.com\/pt\/wp-json\/wp\/v2\/types\/post"}],"author":[{"embeddable":true,"href":"https:\/\/www.europesays.com\/pt\/wp-json\/wp\/v2\/users\/2"}],"replies":[{"embeddable":true,"href":"https:\/\/www.europesays.com\/pt\/wp-json\/wp\/v2\/comments?post=229421"}],"version-history":[{"count":0,"href":"https:\/\/www.europesays.com\/pt\/wp-json\/wp\/v2\/posts\/229421\/revisions"}],"wp:featuredmedia":[{"embeddable":true,"href":"https:\/\/www.europesays.com\/pt\/wp-json\/wp\/v2\/media\/229422"}],"wp:attachment":[{"href":"https:\/\/www.europesays.com\/pt\/wp-json\/wp\/v2\/media?parent=229421"}],"wp:term":[{"taxonomy":"category","embeddable":true,"href":"https:\/\/www.europesays.com\/pt\/wp-json\/wp\/v2\/categories?post=229421"},{"taxonomy":"post_tag","embeddable":true,"href":"https:\/\/www.europesays.com\/pt\/wp-json\/wp\/v2\/tags?post=229421"}],"curies":[{"name":"wp","href":"https:\/\/api.w.org\/{rel}","templated":true}]}}