{"id":229433,"date":"2026-01-15T03:29:14","date_gmt":"2026-01-15T03:29:14","guid":{"rendered":"https:\/\/www.europesays.com\/pt\/229433\/"},"modified":"2026-01-15T03:29:14","modified_gmt":"2026-01-15T03:29:14","slug":"kiefer-sutherland-detido-por-agressao-a-motorista-em-hollywood","status":"publish","type":"post","link":"https:\/\/www.europesays.com\/pt\/229433\/","title":{"rendered":"Kiefer Sutherland detido por agress\u00e3o a motorista em Hollywood"},"content":{"rendered":"<p>O ator Kiefer Sutherland foi detido em Hollywood por uma alegada agress\u00e3o a um motorista de aplica\u00e7\u00e3o de transportes (em Portugal tem a denomina\u00e7\u00e3o de TVDE), tendo sido libertado ap\u00f3s o pagamento de uma fian\u00e7a de 50 mil d\u00f3lares (cerca de 43 mil euros).<\/p>\n<p>Tudo ter\u00e1 ocorrido na segunda-feira (12 de janeiro) quando<strong>, segundo o comunicado da pol\u00edcia de Los Angeles, Sutherland &#8220;entrou num ve\u00edculo de transporte de aplica\u00e7\u00e3o e agrediu fisicamente o motorista (a v\u00edtima)&#8221;, tendo feito &#8220;amea\u00e7as criminosas&#8221;.<\/strong> <\/p>\n<p>De acordo com as autoridades, o motorista n\u00e3o teve necessidade de ter assist\u00eancia m\u00e9dica ap\u00f3s a alegada agress\u00e3o da estrela de Hollywood, noticia a AFP. <\/p>\n<p>Horas depois da deten\u00e7\u00e3o, o ator que interpretou o agente Jack Bauer na s\u00e9rie 24 foi libertado na sequ\u00eancia do pagamento da fian\u00e7a e <strong>dever\u00e1 agora ter que se apresentar a tribunal a 2 de fevereiro<\/strong>, segundo informa o jornal Los Angeles Times. <\/p>\n<p>A divis\u00e3o de Hollywood do Departamento de Pol\u00edcia de Los Angeles \u00e9 respons\u00e1vel pela investiga\u00e7\u00e3o deste caso, sobre o qual os representantes do ator n\u00e3o proferiram, at\u00e9 ao momento, declara\u00e7\u00f5es. \u00a0<\/p>\n<p>Protagonista da s\u00e9rie Designated Survivor (Sobrevivente Designado, t\u00edtulo em Portugal), que pode ser vista na plataforma de streaming Netflix, o ator, que tem dupla cidadania, brit\u00e2nica e canadiana, j\u00e1 teve problemas com as autoridades norte-americanas. <\/p>\n<p>Em 2007, o filho do ator Donald Sutherland (falecido em 2024) foi condenado\u00a0a 48 dias de pris\u00e3o por conduzir sob efeito de \u00e1lcool e por viola\u00e7\u00e3o da liberdade condicional. Dois anos depois foi alvo de uma acusa\u00e7\u00e3o de agress\u00e3o, que foi, mais tarde, retirada. Recentemente, em 2020, Sutherland foi detido por suspeita de conduzir sob o efeito do \u00e1lcool, ap\u00f3s fazer uma invers\u00e3o de marcha ilegal em Hollywood, recorda o Los Angeles Times.<\/p>\n","protected":false},"excerpt":{"rendered":"O ator Kiefer Sutherland foi detido em Hollywood por uma alegada agress\u00e3o a um motorista de aplica\u00e7\u00e3o de&hellip;\n","protected":false},"author":2,"featured_media":229434,"comment_status":"","ping_status":"","sticky":false,"template":"","format":"standard","meta":{"footnotes":""},"categories":[85],"tags":[5571,114,115,413,17067,32,33],"class_list":{"0":"post-229433","1":"post","2":"type-post","3":"status-publish","4":"format-standard","5":"has-post-thumbnail","7":"category-entretenimento","8":"tag-agressao","9":"tag-entertainment","10":"tag-entretenimento","11":"tag-eua","12":"tag-kiefer-sutherland","13":"tag-portugal","14":"tag-pt"},"share_on_mastodon":{"url":"","error":""},"_links":{"self":[{"href":"https:\/\/www.europesays.com\/pt\/wp-json\/wp\/v2\/posts\/229433","targetHints":{"allow":["GET"]}}],"collection":[{"href":"https:\/\/www.europesays.com\/pt\/wp-json\/wp\/v2\/posts"}],"about":[{"href":"https:\/\/www.europesays.com\/pt\/wp-json\/wp\/v2\/types\/post"}],"author":[{"embeddable":true,"href":"https:\/\/www.europesays.com\/pt\/wp-json\/wp\/v2\/users\/2"}],"replies":[{"embeddable":true,"href":"https:\/\/www.europesays.com\/pt\/wp-json\/wp\/v2\/comments?post=229433"}],"version-history":[{"count":0,"href":"https:\/\/www.europesays.com\/pt\/wp-json\/wp\/v2\/posts\/229433\/revisions"}],"wp:featuredmedia":[{"embeddable":true,"href":"https:\/\/www.europesays.com\/pt\/wp-json\/wp\/v2\/media\/229434"}],"wp:attachment":[{"href":"https:\/\/www.europesays.com\/pt\/wp-json\/wp\/v2\/media?parent=229433"}],"wp:term":[{"taxonomy":"category","embeddable":true,"href":"https:\/\/www.europesays.com\/pt\/wp-json\/wp\/v2\/categories?post=229433"},{"taxonomy":"post_tag","embeddable":true,"href":"https:\/\/www.europesays.com\/pt\/wp-json\/wp\/v2\/tags?post=229433"}],"curies":[{"name":"wp","href":"https:\/\/api.w.org\/{rel}","templated":true}]}}