{"id":229445,"date":"2026-01-15T03:40:13","date_gmt":"2026-01-15T03:40:13","guid":{"rendered":"https:\/\/www.europesays.com\/pt\/229445\/"},"modified":"2026-01-15T03:40:13","modified_gmt":"2026-01-15T03:40:13","slug":"a-odisseia-matt-damon-define-filme-de-christopher-nolan-como-o-auge-de-sua-carreira","status":"publish","type":"post","link":"https:\/\/www.europesays.com\/pt\/229445\/","title":{"rendered":"A Odisseia | Matt Damon define filme de Christopher Nolan como o auge de sua carreira"},"content":{"rendered":"<p class=\"wp-block-yoast-seo-estimated-reading-time yoast-reading-time__wrapper\">Estimated reading time: 2 minutos<\/p>\n<p>Em participa\u00e7\u00e3o no <strong>The Tonight Show Starring Jimmy Fallon<\/strong>, ao lado de seu grande amigo <strong>Ben Affleck<\/strong>, o astro <strong>Matt Damon<\/strong> n\u00e3o poupou elogios ao seu pr\u00f3ximo projeto, <a href=\"https:\/\/ovicio.com.br\/tag\/a-odisseia\/\" rel=\"nofollow noopener\" target=\"_blank\">A Odisseia<\/a>. O ator foi categ\u00f3rico ao afirmar que o \u00e9pico dirigido por <a href=\"https:\/\/ovicio.com.br\/tag\/christopher-nolan\/\" rel=\"nofollow noopener\" target=\"_blank\">Christopher Nolan<\/a> representa o <strong>&#8220;ponto mais alto&#8221;<\/strong> de toda a sua trajet\u00f3ria profissional.<\/p>\n<p>Essa \u00e9 uma declara\u00e7\u00e3o de peso, especialmente vinda de algu\u00e9m com uma filmografia t\u00e3o robusta e premiada quanto a de Damon. Segundo o ator, a escala da produ\u00e7\u00e3o exigiu um esfor\u00e7o f\u00edsico e mental sem precedentes, superando qualquer desafio anterior.<\/p>\n<p><strong>&#8220;Cada loca\u00e7\u00e3o desse filme teria sido a loca\u00e7\u00e3o mais dif\u00edcil em qualquer outro filme que j\u00e1 fiz. Qualquer dia teria sido um trabalho mais \u00e1rduo do que qualquer dia em qualquer outro filme que j\u00e1 fiz\u2026 Eu amei cada minuto disso.&#8221;<\/strong><\/p>\n<p><strong>A Odisseia<\/strong> tem estreia agendada nos cinemas do Brasil para 16 de julho.<\/p>\n<p>Leia tamb\u00e9m sobre A Odisseia:<\/p>\n","protected":false},"excerpt":{"rendered":"Estimated reading time: 2 minutos Em participa\u00e7\u00e3o no The Tonight Show Starring Jimmy Fallon, ao lado de seu&hellip;\n","protected":false},"author":2,"featured_media":229446,"comment_status":"","ping_status":"","sticky":false,"template":"","format":"standard","meta":{"footnotes":""},"categories":[140],"tags":[16708,4002,114,115,147,148,4005,146,32,33],"class_list":{"0":"post-229445","1":"post","2":"type-post","3":"status-publish","4":"format-standard","5":"has-post-thumbnail","7":"category-filmes","8":"tag-a-odisseia","9":"tag-christopher-nolan","10":"tag-entertainment","11":"tag-entretenimento","12":"tag-film","13":"tag-filmes","14":"tag-matt-damon","15":"tag-movies","16":"tag-portugal","17":"tag-pt"},"share_on_mastodon":{"url":"https:\/\/pubeurope.com\/@pt\/115897042408534579","error":""},"_links":{"self":[{"href":"https:\/\/www.europesays.com\/pt\/wp-json\/wp\/v2\/posts\/229445","targetHints":{"allow":["GET"]}}],"collection":[{"href":"https:\/\/www.europesays.com\/pt\/wp-json\/wp\/v2\/posts"}],"about":[{"href":"https:\/\/www.europesays.com\/pt\/wp-json\/wp\/v2\/types\/post"}],"author":[{"embeddable":true,"href":"https:\/\/www.europesays.com\/pt\/wp-json\/wp\/v2\/users\/2"}],"replies":[{"embeddable":true,"href":"https:\/\/www.europesays.com\/pt\/wp-json\/wp\/v2\/comments?post=229445"}],"version-history":[{"count":0,"href":"https:\/\/www.europesays.com\/pt\/wp-json\/wp\/v2\/posts\/229445\/revisions"}],"wp:featuredmedia":[{"embeddable":true,"href":"https:\/\/www.europesays.com\/pt\/wp-json\/wp\/v2\/media\/229446"}],"wp:attachment":[{"href":"https:\/\/www.europesays.com\/pt\/wp-json\/wp\/v2\/media?parent=229445"}],"wp:term":[{"taxonomy":"category","embeddable":true,"href":"https:\/\/www.europesays.com\/pt\/wp-json\/wp\/v2\/categories?post=229445"},{"taxonomy":"post_tag","embeddable":true,"href":"https:\/\/www.europesays.com\/pt\/wp-json\/wp\/v2\/tags?post=229445"}],"curies":[{"name":"wp","href":"https:\/\/api.w.org\/{rel}","templated":true}]}}