{"id":229493,"date":"2026-01-15T04:35:12","date_gmt":"2026-01-15T04:35:12","guid":{"rendered":"https:\/\/www.europesays.com\/pt\/229493\/"},"modified":"2026-01-15T04:35:12","modified_gmt":"2026-01-15T04:35:12","slug":"marcia-soares-conquista-feito-inedito-em-menos-de-24-horas-e-nem-ela-estava-a-espera-primeira-companhia","status":"publish","type":"post","link":"https:\/\/www.europesays.com\/pt\/229493\/","title":{"rendered":"Marcia Soares conquista feito in\u00e9dito em menos de 24 horas: e nem ela estava \u00e0 espera &#8211; Primeira Companhia"},"content":{"rendered":"<p><strong>Marcia Soares<\/strong> n\u00e3o podia estar mais feliz! Esta segunda-feira, 13 de janeiro, a ex-concorrente do <strong>Big Brother<\/strong> lan\u00e7ou a cole\u00e7\u00e3o <strong>Gravidade,<\/strong><a href=\"https:\/\/tvi.iol.pt\/primeiracompanhia\/fotos\/marcia-soares-prepara-se-para-uma-grande-novidade-saiba-tudo\/696272cdd34e92a344973b44\" rel=\"nofollow noopener\" target=\"_blank\"> da sua marca <strong>Marcia The Collection,<\/strong><\/a> e em menos de 24 horas esgotou todos os produtos.<\/p>\n<p><strong>\u00abEsgot\u00e1mos tudo! Tudo, tudinho! Em menos de 24 horas! <\/strong>E mais r\u00e1pido seria se eu tivesse dez m\u00e3os, mas s\u00f3 tenho duas\u00bb, revelou <strong>Marcia Soares,<\/strong> numa publica\u00e7\u00e3o que fez nas redes sociais, onde n\u00e3o conseguiu esconder o entusiasmo.<\/p>\n<p>E prosseguiu,<a href=\"https:\/\/tvi.iol.pt\/primeiracompanhia\/marcia-soares\/francisco-monteiro\/solteiro-francisco-monteiro-dedica-palavras-a-marcia-soares-e-fala-em-aproximacao\" rel=\"nofollow noopener\" target=\"_blank\"> agradecendo a todos aqueles que compraram <\/a>os sete colares que faziam parte desta primeira cole\u00e7\u00e3o. \u00ab<strong>Estou sem palavras. Quero mesmo agradecer-vos do fundo do cora\u00e7\u00e3o<\/strong>. Estou mega feliz e quero pedir desculpa \u00e0quelas pessoas a quem ainda n\u00e3o consegui responder. <strong>Ainda s\u00e3o centenas, centenas e centenas de mensagens por abrir.<\/strong> N\u00e3o fiquem tristes comigo\u00bb, disse.<\/p>\n<p><a href=\"https:\/\/tvi.iol.pt\/primeiracompanhia\/search?pagina=1&amp;pesquisa=marcia+soares\" rel=\"nofollow noopener\" target=\"_blank\">Marcia Soares<\/a> disse ainda que est\u00e1 a fazer uma lista de espera para todos aqueles que pretenderem adquirir aqueles colares poderem encomendar. \u00ab<strong>Foi s\u00f3 a coisa mais incr\u00edvel que me aconteceu.<\/strong> Obrigada! Fiquem atentos, que amanh\u00e3 vou dar-vos novidades em rela\u00e7\u00e3o \u00e0 reposi\u00e7\u00e3o\u00bb, completou.<\/p>\n<p><strong>Pode ver tudo aqui:<\/strong><\/p>\n","protected":false},"excerpt":{"rendered":"Marcia Soares n\u00e3o podia estar mais feliz! Esta segunda-feira, 13 de janeiro, a ex-concorrente do Big Brother lan\u00e7ou&hellip;\n","protected":false},"author":2,"featured_media":229494,"comment_status":"","ping_status":"","sticky":false,"template":"","format":"standard","meta":{"footnotes":""},"categories":[142],"tags":[41536,13903,114,115,18705,595,2038,32,33,151,41535],"class_list":{"0":"post-229493","1":"post","2":"type-post","3":"status-publish","4":"format-standard","5":"has-post-thumbnail","7":"category-tv","8":"tag-bastidores-da-recruta","9":"tag-conquista","10":"tag-entertainment","11":"tag-entretenimento","12":"tag-entrevistas-concorrentes-tvi","13":"tag-marca","14":"tag-marcia-soares","15":"tag-portugal","16":"tag-pt","17":"tag-tv","18":"tag-vida-fora-da-base"},"share_on_mastodon":{"url":"https:\/\/pubeurope.com\/@pt\/115897258661389574","error":""},"_links":{"self":[{"href":"https:\/\/www.europesays.com\/pt\/wp-json\/wp\/v2\/posts\/229493","targetHints":{"allow":["GET"]}}],"collection":[{"href":"https:\/\/www.europesays.com\/pt\/wp-json\/wp\/v2\/posts"}],"about":[{"href":"https:\/\/www.europesays.com\/pt\/wp-json\/wp\/v2\/types\/post"}],"author":[{"embeddable":true,"href":"https:\/\/www.europesays.com\/pt\/wp-json\/wp\/v2\/users\/2"}],"replies":[{"embeddable":true,"href":"https:\/\/www.europesays.com\/pt\/wp-json\/wp\/v2\/comments?post=229493"}],"version-history":[{"count":0,"href":"https:\/\/www.europesays.com\/pt\/wp-json\/wp\/v2\/posts\/229493\/revisions"}],"wp:featuredmedia":[{"embeddable":true,"href":"https:\/\/www.europesays.com\/pt\/wp-json\/wp\/v2\/media\/229494"}],"wp:attachment":[{"href":"https:\/\/www.europesays.com\/pt\/wp-json\/wp\/v2\/media?parent=229493"}],"wp:term":[{"taxonomy":"category","embeddable":true,"href":"https:\/\/www.europesays.com\/pt\/wp-json\/wp\/v2\/categories?post=229493"},{"taxonomy":"post_tag","embeddable":true,"href":"https:\/\/www.europesays.com\/pt\/wp-json\/wp\/v2\/tags?post=229493"}],"curies":[{"name":"wp","href":"https:\/\/api.w.org\/{rel}","templated":true}]}}