{"id":229510,"date":"2026-01-15T05:00:08","date_gmt":"2026-01-15T05:00:08","guid":{"rendered":"https:\/\/www.europesays.com\/pt\/229510\/"},"modified":"2026-01-15T05:00:08","modified_gmt":"2026-01-15T05:00:08","slug":"michelle-williams-vista-pela-primeira-vez-com-quatro-filho","status":"publish","type":"post","link":"https:\/\/www.europesays.com\/pt\/229510\/","title":{"rendered":"Michelle Williams vista pela primeira vez com quatro filho"},"content":{"rendered":"<p>Michelle Williams n\u00e3o escapou \u00e0s c\u00e2maras quando saiu \u00e0 rua com o filho mais novo. A atriz norte-americana, de 45 anos, foi fotografada na cidade de Nova Iorque, esta quarta-feira.\u00a0<\/p>\n<p>De acordo com o Daily Mail, esta foi a primeira vez que Michelle Williams foi vista com o quarto filho, que nasceu no ano passado atrav\u00e9s de uma barriga de aluguer.\u00a0<\/p>\n<p>A atriz &#8211; que ganhou um Globo de Ouro na categoria de Melhor Atriz em miniss\u00e9rie, s\u00e9rie de antologia ou filme para televis\u00e3o pelo seu trabalho em &#8220;Dying for Sex&#8221; (FX) &#8211; estava com um visual discreto. Com \u00f3culos de sol, cal\u00e7as de ganga, cachecol xadrez vermelho e casaco, Michelle Williams carregou o beb\u00e9, que estava bem agasalhado com um macac\u00e3o azul e um gorro.\u00a0<\/p>\n<blockquote class=\"twitter-tweet\"><p>&#13;<\/p>\n<p dir=\"ltr\" lang=\"en\">Michelle Williams, 45, is seen with her new baby for the first time &#8211; five months after revealing she had quietly welcomed a fourth child via surrogate <a href=\"https:\/\/t.co\/W0vL7MbCOr\" rel=\"nofollow\">https:\/\/t.co\/W0vL7MbCOr<\/a><\/p>\n<p>&#13;<br \/>\n                                                    \u2014 Daily Mail Celebrity (@DailyMailCeleb) <a href=\"https:\/\/twitter.com\/DailyMailCeleb\/status\/2011427882506060215?ref_src=twsrc%5Etfw\" rel=\"nofollow noopener\" target=\"_blank\">January 14, 2026<\/a><\/p><\/blockquote>\n<p>O beb\u00e9 que aparece nas fotografias com Michelle Williams \u00e9 o terceiro filho da atriz com o marido, Thomas Kail, de 48 anos. O casal tem ainda em comum os filhos Hart e Kail. A atriz \u00e9 tamb\u00e9m m\u00e3e de Matilda, da rela\u00e7\u00e3o com o falecido ator Heath Ledger, que morreu em janeiro de 2008, aos 28 anos.\u00a0<\/p>\n<p>A not\u00edcia do nascimento do quarto filho de Michelle Williams chegou em abril do ano passado. Na altura, a revista People contou que a atriz e a fam\u00edlia foram vistos em Nova Iorque, e uma fonte contou que o beb\u00e9 tinha nascido atrav\u00e9s de uma barriga de aluguer h\u00e1 seis semanas.\u00a0<\/p>\n<p>&#8220;Eles n\u00e3o podiam estar mais felizes por aumentar a fam\u00edlia, e a Matilda tem cuidado dos irm\u00e3os mais novos&#8221;, contou na \u00e9poca a fonte.\u00a0<\/p>\n<p>                                                    <img decoding=\"async\" height=\"640\" with=\"360\" src=\"https:\/\/www.europesays.com\/pt\/wp-content\/uploads\/2026\/01\/naom_67eec13d13d67.jpg\" border=\"0\" alt=\"A fam\u00edlia de Michelle Williams acaba de aumentar. Atriz foi m\u00e3e de novo\"\/><\/p>\n<p>Este \u00e9 o quarto beb\u00e9 de Michelle, mas o terceiro em comum com o marido Thomas Kail.<\/p>\n<p>                                                    \u00a0Not\u00edcias ao Minuto | 18:14 &#8211; 03\/04\/2025 <\/p>\n<p>                                    <script async src=\"https:\/\/platform.twitter.com\/widgets.js\" charset=\"utf-8\"><\/script><\/p>\n","protected":false},"excerpt":{"rendered":"Michelle Williams n\u00e3o escapou \u00e0s c\u00e2maras quando saiu \u00e0 rua com o filho mais novo. A atriz norte-americana,&hellip;\n","protected":false},"author":2,"featured_media":229511,"comment_status":"","ping_status":"","sticky":false,"template":"","format":"standard","meta":{"footnotes":""},"categories":[145],"tags":[211,210,114,115,32,33],"class_list":{"0":"post-229510","1":"post","2":"type-post","3":"status-publish","4":"format-standard","5":"has-post-thumbnail","7":"category-celebridades","8":"tag-celebridades","9":"tag-celebrities","10":"tag-entertainment","11":"tag-entretenimento","12":"tag-portugal","13":"tag-pt"},"share_on_mastodon":{"url":"https:\/\/pubeurope.com\/@pt\/115897356980202623","error":""},"_links":{"self":[{"href":"https:\/\/www.europesays.com\/pt\/wp-json\/wp\/v2\/posts\/229510","targetHints":{"allow":["GET"]}}],"collection":[{"href":"https:\/\/www.europesays.com\/pt\/wp-json\/wp\/v2\/posts"}],"about":[{"href":"https:\/\/www.europesays.com\/pt\/wp-json\/wp\/v2\/types\/post"}],"author":[{"embeddable":true,"href":"https:\/\/www.europesays.com\/pt\/wp-json\/wp\/v2\/users\/2"}],"replies":[{"embeddable":true,"href":"https:\/\/www.europesays.com\/pt\/wp-json\/wp\/v2\/comments?post=229510"}],"version-history":[{"count":0,"href":"https:\/\/www.europesays.com\/pt\/wp-json\/wp\/v2\/posts\/229510\/revisions"}],"wp:featuredmedia":[{"embeddable":true,"href":"https:\/\/www.europesays.com\/pt\/wp-json\/wp\/v2\/media\/229511"}],"wp:attachment":[{"href":"https:\/\/www.europesays.com\/pt\/wp-json\/wp\/v2\/media?parent=229510"}],"wp:term":[{"taxonomy":"category","embeddable":true,"href":"https:\/\/www.europesays.com\/pt\/wp-json\/wp\/v2\/categories?post=229510"},{"taxonomy":"post_tag","embeddable":true,"href":"https:\/\/www.europesays.com\/pt\/wp-json\/wp\/v2\/tags?post=229510"}],"curies":[{"name":"wp","href":"https:\/\/api.w.org\/{rel}","templated":true}]}}