{"id":229517,"date":"2026-01-15T05:14:08","date_gmt":"2026-01-15T05:14:08","guid":{"rendered":"https:\/\/www.europesays.com\/pt\/229517\/"},"modified":"2026-01-15T05:14:08","modified_gmt":"2026-01-15T05:14:08","slug":"quem-e-juliana-baroni-ex-namorada-que-teria-vergonha-de-henri-castelli","status":"publish","type":"post","link":"https:\/\/www.europesays.com\/pt\/229517\/","title":{"rendered":"Quem \u00e9 Juliana Baroni, ex-namorada que teria &#8220;vergonha&#8221; de Henri Castelli?"},"content":{"rendered":"<p class=\"my-5 break-words group-[.isActiveSource]:text-xl\">Durante o confinamento do BBB 26,<strong class=\"group-[.isActiveSource]:text-xl group-[.isActiveSource]:font-bold\"> Henri Castelli, 47,<\/strong> falou de seu relacionamento com a atriz <strong class=\"group-[.isActiveSource]:text-xl group-[.isActiveSource]:font-bold\">Juliana Baroni, 47<\/strong>. Segundo ele, ela teria &#8220;vergonha dele&#8221;.<\/p>\n<p class=\"my-5 break-words group-[.isActiveSource]:text-xl\">Em uma conversa com os colegas, o ator recordou o namoro do in\u00edcio da carreira e disse que acreditava que ela tinha vergonha de ser vista com ele. \u201cNamorei a <strong class=\"group-[.isActiveSource]:text-xl group-[.isActiveSource]:font-bold\">Juliana Baroni,<\/strong> que foi paquita. S\u00f3 que <strong class=\"group-[.isActiveSource]:text-xl group-[.isActiveSource]:font-bold\">ela tinha vergonha de me levar nos lugares,<\/strong> nunca me levava nas festas, <strong class=\"group-[.isActiveSource]:text-xl group-[.isActiveSource]:font-bold\">ficava exclu\u00eddo<\/strong>, assim. N\u00e3o sei por que, nunca me convidava\u201d, comentou Castelli e acrescentou: &#8220;Ela criticava algumas coisas. Assim, n\u00e3o sei se ela tinha vergonha. N\u00e3o sei&#8221;.<\/p>\n<p>Mas quem \u00e9 Juliana Baroni?<\/p>\n<p class=\"my-5 break-words group-[.isActiveSource]:text-xl\">Baroni come\u00e7ou a carreira na televis\u00e3o como assistente de palco dos programas da Xuxa, no posto de<strong class=\"group-[.isActiveSource]:text-xl group-[.isActiveSource]:font-bold\"> Paquita<\/strong> por cinco anos, at\u00e9 ser escolhida como <strong class=\"group-[.isActiveSource]:text-xl group-[.isActiveSource]:font-bold\">Catuxa<\/strong> do programa Xou da Xuxa, quando ganhou o apelido de <strong class=\"group-[.isActiveSource]:text-xl group-[.isActiveSource]:font-bold\">Jujuba<\/strong>.<\/p>\n<p class=\"my-5 break-words group-[.isActiveSource]:text-xl\">Ela saiu do programa em 1995 quando aconteceu a troca da gera\u00e7\u00e3o de Paquitas, e entrou no elenco de &#8220;Cara e Coroa&#8221;. Desde ent\u00e3o, ela passou por folhetins como &#8220;Uga Uga&#8221;, &#8220;A Lua Me Disse&#8221; e foi protagonista da 5\u00aa temporada de <strong class=\"group-[.isActiveSource]:text-xl group-[.isActiveSource]:font-bold\">&#8220;Malha\u00e7\u00e3o&#8221;<\/strong>. Ela deixou a emissora Globo ainda nos anos 2000, e estrelou produ\u00e7\u00f5es como<strong class=\"group-[.isActiveSource]:text-xl group-[.isActiveSource]:font-bold\"> &#8220;Dance Dance Dance<\/strong>&#8221; da Rede Bandeirantes e vers\u00e3o nacional de <strong class=\"group-[.isActiveSource]:text-xl group-[.isActiveSource]:font-bold\">&#8220;C\u00famplices de um Resgate&#8221;<\/strong>.<\/p>\n<p class=\"my-5 break-words group-[.isActiveSource]:text-xl\">Desde 2013, ela est\u00e1 casada com o banqueiro <strong class=\"group-[.isActiveSource]:text-xl group-[.isActiveSource]:font-bold\">Eduardo Moreira<\/strong>. Atualmente, faz parte do time de apresentadores do videocast &#8220;Precisamos Conversar&#8221;.<\/p>\n<blockquote class=\"twitter-tweet !mx-auto\" data-media-max-width=\"560\">\n<p dir=\"ltr\" lang=\"pt\" class=\"my-5 break-words group-[.isActiveSource]:text-xl\">&#8220;Ela tinha vergonha de me levar nos lugares, nunca me levava nas festas, ficava exclu\u00eddo. N\u00e3o sei pq nunca me convidava, ela criticava algumas coisas, n\u00e3o sei se ela tinha vergonha. N\u00e3o sei.&#8221;<\/p>\n<p class=\"my-5 break-words group-[.isActiveSource]:text-xl\">Henri Castelli sobre a ex Juliana Baroni.<\/p>\n<p class=\"my-5 break-words group-[.isActiveSource]:text-xl\">?????? <a href=\"https:\/\/twitter.com\/hashtag\/BBB26?src=hash&amp;ref_src=twsrc%5Etfw\" class=\"text-red-600 underline hover:text-red-500 font-medium break-words group-[.isActiveSource]:text-xl\" target=\"_blank\" rel=\"noopener noreferrer nofollow\">#BBB26<\/a> <a href=\"https:\/\/t.co\/kq64cLRHgm\" class=\"text-red-600 underline hover:text-red-500 font-medium break-words group-[.isActiveSource]:text-xl\" target=\"_blank\" rel=\"noopener noreferrer nofollow\">pic.twitter.com\/kq64cLRHgm<\/a><\/p>\n<p class=\"my-5 break-words group-[.isActiveSource]:text-xl\">\u2014 S\u00e9rgio Santos (@ZAMENZA) <a href=\"https:\/\/twitter.com\/ZAMENZA\/status\/2011212077353091534?ref_src=twsrc%5Etfw\" class=\"text-red-600 underline hover:text-red-500 font-medium break-words group-[.isActiveSource]:text-xl\" target=\"_blank\" rel=\"noopener noreferrer nofollow\">January 13, 2026<\/a><\/p>\n<\/blockquote>\n<p class=\"my-5 break-words group-[.isActiveSource]:text-xl\">*Com informa\u00e7\u00f5es de Larissa Santos<\/p>\n<p><script async src=\"https:\/\/platform.twitter.com\/widgets.js\" charset=\"utf-8\"><\/script><\/p>\n","protected":false},"excerpt":{"rendered":"Durante o confinamento do BBB 26, Henri Castelli, 47, falou de seu relacionamento com a atriz Juliana Baroni,&hellip;\n","protected":false},"author":2,"featured_media":229518,"comment_status":"","ping_status":"","sticky":false,"template":"","format":"standard","meta":{"footnotes":""},"categories":[145],"tags":[211,210,114,115,32,33],"class_list":{"0":"post-229517","1":"post","2":"type-post","3":"status-publish","4":"format-standard","5":"has-post-thumbnail","7":"category-celebridades","8":"tag-celebridades","9":"tag-celebrities","10":"tag-entertainment","11":"tag-entretenimento","12":"tag-portugal","13":"tag-pt"},"share_on_mastodon":{"url":"https:\/\/pubeurope.com\/@pt\/115897411987557384","error":""},"_links":{"self":[{"href":"https:\/\/www.europesays.com\/pt\/wp-json\/wp\/v2\/posts\/229517","targetHints":{"allow":["GET"]}}],"collection":[{"href":"https:\/\/www.europesays.com\/pt\/wp-json\/wp\/v2\/posts"}],"about":[{"href":"https:\/\/www.europesays.com\/pt\/wp-json\/wp\/v2\/types\/post"}],"author":[{"embeddable":true,"href":"https:\/\/www.europesays.com\/pt\/wp-json\/wp\/v2\/users\/2"}],"replies":[{"embeddable":true,"href":"https:\/\/www.europesays.com\/pt\/wp-json\/wp\/v2\/comments?post=229517"}],"version-history":[{"count":0,"href":"https:\/\/www.europesays.com\/pt\/wp-json\/wp\/v2\/posts\/229517\/revisions"}],"wp:featuredmedia":[{"embeddable":true,"href":"https:\/\/www.europesays.com\/pt\/wp-json\/wp\/v2\/media\/229518"}],"wp:attachment":[{"href":"https:\/\/www.europesays.com\/pt\/wp-json\/wp\/v2\/media?parent=229517"}],"wp:term":[{"taxonomy":"category","embeddable":true,"href":"https:\/\/www.europesays.com\/pt\/wp-json\/wp\/v2\/categories?post=229517"},{"taxonomy":"post_tag","embeddable":true,"href":"https:\/\/www.europesays.com\/pt\/wp-json\/wp\/v2\/tags?post=229517"}],"curies":[{"name":"wp","href":"https:\/\/api.w.org\/{rel}","templated":true}]}}