{"id":229519,"date":"2026-01-15T05:17:14","date_gmt":"2026-01-15T05:17:14","guid":{"rendered":"https:\/\/www.europesays.com\/pt\/229519\/"},"modified":"2026-01-15T05:17:14","modified_gmt":"2026-01-15T05:17:14","slug":"terra-forte-caio-surpreende-maria-de-fatima-com-ideia-que-pode-arruinar-flor-novelas","status":"publish","type":"post","link":"https:\/\/www.europesays.com\/pt\/229519\/","title":{"rendered":"Terra Forte: Caio surpreende Maria de F\u00e1tima com ideia que pode arruinar Flor &#8211; Novelas"},"content":{"rendered":"<p>Em \u00abTerra Forte\u00bb, Caio (Bruno Cabrerizo)\u00a0 diz a Maria de F\u00e1tima (Rita Pereira) que mesmo Flor (benedita Pereira) n\u00e3o tendo nenhuma interfer\u00eancia no desaparecimento de Manuel, se ela a denunciar por isso pode impedir por anos que ela tenha acesso ao dinheiro da fam\u00edlia, podendo aproveitar esse tempo para desviar todo o dinheiro para outro lado. Maria de F\u00e1tima fica recetiva, dizendo a Caio que ele se est\u00e1 a revelar uma \u00f3tima surpresa. Caio olha-a sedutor, mas Maria de F\u00e1tima sai para n\u00e3o ceder \u00e0 tenta\u00e7\u00e3o.<\/p>\n","protected":false},"excerpt":{"rendered":"Em \u00abTerra Forte\u00bb, Caio (Bruno Cabrerizo)\u00a0 diz a Maria de F\u00e1tima (Rita Pereira) que mesmo Flor (benedita Pereira)&hellip;\n","protected":false},"author":2,"featured_media":229520,"comment_status":"","ping_status":"","sticky":false,"template":"","format":"standard","meta":{"footnotes":""},"categories":[142],"tags":[160,166,114,115,157,167,164,2931,161,158,165,159,32,33,156,18614,163,151,162],"class_list":{"0":"post-229519","1":"post","2":"type-post","3":"status-publish","4":"format-standard","5":"has-post-thumbnail","7":"category-tv","8":"tag-ana-guiomar","9":"tag-cristina-ferreira","10":"tag-entertainment","11":"tag-entretenimento","12":"tag-festa-e-festa","13":"tag-ficcao","14":"tag-jose-fidalgo","15":"tag-novela","16":"tag-novelas","17":"tag-para-sempre","18":"tag-pedro-sousa","19":"tag-pedro-teixeira","20":"tag-portugal","21":"tag-pt","22":"tag-queridos-papas","23":"tag-terra-forte","24":"tag-tiago-teotonio-pereira","25":"tag-tv","26":"tag-tvi"},"share_on_mastodon":{"url":"https:\/\/pubeurope.com\/@pt\/115897423754484617","error":""},"_links":{"self":[{"href":"https:\/\/www.europesays.com\/pt\/wp-json\/wp\/v2\/posts\/229519","targetHints":{"allow":["GET"]}}],"collection":[{"href":"https:\/\/www.europesays.com\/pt\/wp-json\/wp\/v2\/posts"}],"about":[{"href":"https:\/\/www.europesays.com\/pt\/wp-json\/wp\/v2\/types\/post"}],"author":[{"embeddable":true,"href":"https:\/\/www.europesays.com\/pt\/wp-json\/wp\/v2\/users\/2"}],"replies":[{"embeddable":true,"href":"https:\/\/www.europesays.com\/pt\/wp-json\/wp\/v2\/comments?post=229519"}],"version-history":[{"count":0,"href":"https:\/\/www.europesays.com\/pt\/wp-json\/wp\/v2\/posts\/229519\/revisions"}],"wp:featuredmedia":[{"embeddable":true,"href":"https:\/\/www.europesays.com\/pt\/wp-json\/wp\/v2\/media\/229520"}],"wp:attachment":[{"href":"https:\/\/www.europesays.com\/pt\/wp-json\/wp\/v2\/media?parent=229519"}],"wp:term":[{"taxonomy":"category","embeddable":true,"href":"https:\/\/www.europesays.com\/pt\/wp-json\/wp\/v2\/categories?post=229519"},{"taxonomy":"post_tag","embeddable":true,"href":"https:\/\/www.europesays.com\/pt\/wp-json\/wp\/v2\/tags?post=229519"}],"curies":[{"name":"wp","href":"https:\/\/api.w.org\/{rel}","templated":true}]}}