{"id":229524,"date":"2026-01-15T05:28:07","date_gmt":"2026-01-15T05:28:07","guid":{"rendered":"https:\/\/www.europesays.com\/pt\/229524\/"},"modified":"2026-01-15T05:28:07","modified_gmt":"2026-01-15T05:28:07","slug":"henri-castelli-vive-com-sequelas-no-rosto-apos-agressao-relembre","status":"publish","type":"post","link":"https:\/\/www.europesays.com\/pt\/229524\/","title":{"rendered":"Henri Castelli vive com sequelas no rosto ap\u00f3s agress\u00e3o; relembre"},"content":{"rendered":"<p data-start=\"97\" data-end=\"329\" class=\"my-5 break-words group-[.isActiveSource]:text-xl\">O ator <strong class=\"group-[.isActiveSource]:text-xl group-[.isActiveSource]:font-bold\">Henri Castelli<\/strong>, 47, teve uma convuls\u00e3o durante a primeira<strong class=\"group-[.isActiveSource]:text-xl group-[.isActiveSource]:font-bold\"> Prova do L\u00edder do BBB 26<\/strong>, na manh\u00e3 desta quarta-feira (14). Ap\u00f3s cerca de 10 horas de resist\u00eancia, ele passou mal e precisou receber atendimento m\u00e9dico em um hospital.<\/p>\n<p data-start=\"331\" data-end=\"559\" class=\"my-5 break-words group-[.isActiveSource]:text-xl\">Mais tarde, o ator voltou a apresentar um mal-estar e foi novamente retirado da din\u00e2mica pela produ\u00e7\u00e3o para passar por novos cuidados m\u00e9dicos. No programa, Henri revelou que essa foi a<a href=\"https:\/\/www.cnnbrasil.com.br\/entretenimento\/bbb\/bbb26-henri-castelli-retorna-apos-atendimento-medico-e-convulsiona-de-novo\/\" target=\"_blank\" rel=\"noopener noreferrer nofollow\" class=\"text-red-600 underline hover:text-red-500 font-medium break-words group-[.isActiveSource]:text-xl\"> primeira vez que sofreu crises epil\u00e9pticas<\/a>.<\/p>\n<p data-start=\"561\" data-end=\"891\" class=\"my-5 break-words group-[.isActiveSource]:text-xl\">Ainda hoje, o ator convive com <strong class=\"group-[.isActiveSource]:text-xl group-[.isActiveSource]:font-bold\">sequelas permanentes no rosto<\/strong> decorrentes de uma <strong class=\"group-[.isActiveSource]:text-xl group-[.isActiveSource]:font-bold\">agress\u00e3o<\/strong> sofrida durante uma festa em Alagoas, no fim de 2020. O epis\u00f3dio resultou em uma fratura exposta na mand\u00edbula, que exigiu uma<a href=\"https:\/\/www.cnnbrasil.com.br\/entretenimento\/henri-castelli-passa-por-cirurgia-no-maxilar-apos-agressao\/\" target=\"_blank\" rel=\"noopener noreferrer nofollow\" class=\"text-red-600 underline hover:text-red-500 font-medium break-words group-[.isActiveSource]:text-xl\"> cirurgia complexa de reconstru\u00e7\u00e3o<\/a>, com o uso de pinos, fios de a\u00e7o e parafusos, deixando marcas definitivas.<\/p>\n<p data-start=\"893\" data-end=\"1109\" class=\"my-5 break-words group-[.isActiveSource]:text-xl\">Os agressores, identificados como o empres\u00e1rio<strong class=\"group-[.isActiveSource]:text-xl group-[.isActiveSource]:font-bold\"> Bernardo Malta de Amorim<\/strong> e o corretor<strong class=\"group-[.isActiveSource]:text-xl group-[.isActiveSource]:font-bold\"> Guilherme Accioly Ferreira<\/strong>, alegaram \u00e0 \u00e9poca que o ator estava alterado e que apenas reagiram a uma suposta investida inicial dele.<\/p>\n<p data-start=\"1111\" data-end=\"1341\" class=\"my-5 break-words group-[.isActiveSource]:text-xl\">Ap\u00f3s o ataque, Castelli passou por m\u00faltiplas <a href=\"https:\/\/www.cnnbrasil.com.br\/entretenimento\/henri-castelli-passa-por-cirurgia-no-maxilar-apos-agressao\/\" target=\"_blank\" rel=\"noopener noreferrer nofollow\" class=\"text-red-600 underline hover:text-red-500 font-medium break-words group-[.isActiveSource]:text-xl\">cirurgias de reconstru\u00e7\u00e3o facial<\/a> e desenvolveu <strong class=\"group-[.isActiveSource]:text-xl group-[.isActiveSource]:font-bold\">parestesia cr\u00f4nica<\/strong>, caracterizada pela perda de sensibilidade no lado direito do rosto e no queixo, al\u00e9m de traumas emocionais duradouros.<\/p>\n<p data-start=\"1343\" data-end=\"1539\" class=\"my-5 break-words group-[.isActiveSource]:text-xl\">Na \u00e9poca, o ator descreveu a sensa\u00e7\u00e3o como se sua<strong class=\"group-[.isActiveSource]:text-xl group-[.isActiveSource]:font-bold\"> \u201cboca estivesse pendurada\u201d<\/strong>. Apesar da recupera\u00e7\u00e3o f\u00edsica ap\u00f3s o tratamento, ele segue processando os envolvidos por danos morais e les\u00e3o corporal.<\/p>\n","protected":false},"excerpt":{"rendered":"O ator Henri Castelli, 47, teve uma convuls\u00e3o durante a primeira Prova do L\u00edder do BBB 26, na&hellip;\n","protected":false},"author":2,"featured_media":229525,"comment_status":"","ping_status":"","sticky":false,"template":"","format":"standard","meta":{"footnotes":""},"categories":[145],"tags":[211,210,114,115,32,33],"class_list":{"0":"post-229524","1":"post","2":"type-post","3":"status-publish","4":"format-standard","5":"has-post-thumbnail","7":"category-celebridades","8":"tag-celebridades","9":"tag-celebrities","10":"tag-entertainment","11":"tag-entretenimento","12":"tag-portugal","13":"tag-pt"},"share_on_mastodon":{"url":"https:\/\/pubeurope.com\/@pt\/115897467019308142","error":""},"_links":{"self":[{"href":"https:\/\/www.europesays.com\/pt\/wp-json\/wp\/v2\/posts\/229524","targetHints":{"allow":["GET"]}}],"collection":[{"href":"https:\/\/www.europesays.com\/pt\/wp-json\/wp\/v2\/posts"}],"about":[{"href":"https:\/\/www.europesays.com\/pt\/wp-json\/wp\/v2\/types\/post"}],"author":[{"embeddable":true,"href":"https:\/\/www.europesays.com\/pt\/wp-json\/wp\/v2\/users\/2"}],"replies":[{"embeddable":true,"href":"https:\/\/www.europesays.com\/pt\/wp-json\/wp\/v2\/comments?post=229524"}],"version-history":[{"count":0,"href":"https:\/\/www.europesays.com\/pt\/wp-json\/wp\/v2\/posts\/229524\/revisions"}],"wp:featuredmedia":[{"embeddable":true,"href":"https:\/\/www.europesays.com\/pt\/wp-json\/wp\/v2\/media\/229525"}],"wp:attachment":[{"href":"https:\/\/www.europesays.com\/pt\/wp-json\/wp\/v2\/media?parent=229524"}],"wp:term":[{"taxonomy":"category","embeddable":true,"href":"https:\/\/www.europesays.com\/pt\/wp-json\/wp\/v2\/categories?post=229524"},{"taxonomy":"post_tag","embeddable":true,"href":"https:\/\/www.europesays.com\/pt\/wp-json\/wp\/v2\/tags?post=229524"}],"curies":[{"name":"wp","href":"https:\/\/api.w.org\/{rel}","templated":true}]}}