{"id":229553,"date":"2026-01-15T06:10:09","date_gmt":"2026-01-15T06:10:09","guid":{"rendered":"https:\/\/www.europesays.com\/pt\/229553\/"},"modified":"2026-01-15T06:10:09","modified_gmt":"2026-01-15T06:10:09","slug":"morre-a-atriz-e-modelo-vera-valdez","status":"publish","type":"post","link":"https:\/\/www.europesays.com\/pt\/229553\/","title":{"rendered":"Morre a atriz e modelo Vera Valdez"},"content":{"rendered":"<p>A atriz e modelo <b>Vera Barreto Leite Valdez<\/b> morreu nesta quarta-feira (14.01), aos 89 anos. A not\u00edcia foi comunicada pelos perfis do <a href=\"https:\/\/www.instagram.com\/oficinauzynauzona\/\" target=\"_blank\" rel=\"noopener nofollow\">Teatro Oficina<\/a> e de sua filha <a href=\"https:\/\/www.instagram.com\/marianademoraesoficial\/\" target=\"_blank\" rel=\"noopener nofollow\">Mariana de Moraes<\/a>, no Instagram.<\/p>\n<p>Antes de se consagrar nas artes c\u00eanicas, Vera Valdez foi a primeira modelo brasileira a fazer sucesso fora do pa\u00eds. Filha de diplomatas e nascida no Rio de Janeiro em 27 de maio de 1936, ela estava com sua m\u00e3e em uma festa em Bordeaux, Fran\u00e7a, quando foi abordada por um senhor que queria saber se ela gostaria de ser manequim.<\/p>\n<p>Ent\u00e3o com 14 anos, a carioca n\u00e3o fazia ideia do que se tratava e perguntou \u00e0 sua m\u00e3e, que, por sua vez, disse que explicaria depois. Um dia, na rua, Maria Barreto Leite apontou para uma revista na banca de jornal e falou para a filha que aquilo era um manequim. \u201cEu quis imediatamente\u201d, disse Vera em entrevista ao <a href=\"https:\/\/loja.elle.com.br\/revista-elle?utm_source=site&amp;utm_medium=site-post&amp;utm_campaign=morre-vera-valdez\" rel=\"nofollow noopener\" target=\"_blank\">Volume 16 da ELLE Brasil<\/a>, publicado em maio de 2024.<\/p>\n<p><img loading=\"lazy\" decoding=\"async\" class=\"lazy lazy-hidden alignnone size-full wp-image-178587\" data-lazy-type=\"image\" src=\"https:\/\/www.europesays.com\/pt\/wp-content\/uploads\/2026\/01\/Vera-Valdez_EDITORIAL_JU_3.jpg\" alt=\"A modelo e atriz Vera Valdez em ensaio do Volume 16 da ELLE Brasil.\" width=\"1080\" height=\"1350\" title=\"Morre a atriz e modelo Vera Valdez\"\/><\/p>\n<p class=\"media-data\">&#13;<br \/>\nVera Valdez.&#13;<br \/>\nFoto: Hudson Rennan&#13;\n<\/p>\n<\/p>\n<p>Leia mais: <a href=\"https:\/\/elle.com.br\/moda\/volume-16-elle-impressa-modelos\" rel=\"nofollow noopener\" target=\"_blank\">VOLUME 16 DA ELLE JOGA O FLASH NAS MODELOS<\/a><\/p>\n<p>O primeiro trabalho foi com Elsa Schiaparelli. Depois, modelou para os grandes couturiers da \u00e9poca, como Christian Dior, Jacques Fath e Gabrielle Chanel, de quem ficou bastante pr\u00f3xima e se tornou modelo de prova. \u201cA gente se amava. Ela tinha uma rela\u00e7\u00e3o maternal comigo. Me punha de castigo, cuidava de mim. Trabalhei com ela enquanto o sonho durou, enquanto esteve viva\u201d, recorda.<\/p>\n<p>Nos anos 1960, iniciou sua carreira de atriz em produ\u00e7\u00f5es de cinema nacionais, como As cariocas (1966), de Walter Hugo Khouri, e O homem nu (1968), de Roberto Santos. \u201cNormalmente, as boas manequins representam. E representar, para mim, j\u00e1 era banal\u201d, explicou ela sobre a mudan\u00e7a de \u00e1rea. Na d\u00e9cada de 1980, foi apadrinhada por <a href=\"https:\/\/elle.com.br\/cultura\/quem-foi-jose-celso-martinez-correa\" rel=\"nofollow noopener\" target=\"_blank\">Jos\u00e9 Celso Martinez Corr\u00eaa<\/a> (1937\u20132023). \u201cEle se orgulhava muito de mim, sobretudo da arte de ser maneca.\u201d<\/p>\n<p>Com o Teatro Oficina, Vera Valdez atuou nas montagens de Bacantes, Os sert\u00f5es, entre outras. A mais recente foi em 2024, com <a href=\"https:\/\/elle.com.br\/cultura\/vera-valdez\" rel=\"nofollow noopener\" target=\"_blank\">Vozes humanas<\/a>. A pe\u00e7a era inspirada no texto A voz humana, de Jean Cocteau \u2013 a quem a atriz foi apresentada por Coco Chanel d\u00e9cadas atr\u00e1s.<\/p>\n<p>Leia mais: <a href=\"https:\/\/elle.com.br\/cultura\/a-coragem-e-a-alegria-de-ze-celso\" rel=\"nofollow noopener\" target=\"_blank\">A coragem e a alegria de Z\u00e9 Celso<\/a><\/p>\n<p>Para ler conte\u00fados exclusivos e multim\u00eddia,\u00a0<a class=\"c-link\" href=\"https:\/\/loja.elle.com.br\/assinatura?utm_source=site&amp;utm_medium=post&amp;utm_campaign=cta-after-post&quot;\" target=\"_blank\" rel=\"nofollow noopener\"><strong>assine a ELLE View<\/strong><\/a>, nossa revista digital mensal para assinantes<\/p>\n<p>\t\t\t\t\t\t\t\t\t\t\t\t\t\t\t\t\t\t\t\t\t\t\t\t<script async src=\"\/\/www.instagram.com\/embed.js\"><\/script><\/p>\n","protected":false},"excerpt":{"rendered":"A atriz e modelo Vera Barreto Leite Valdez morreu nesta quarta-feira (14.01), aos 89 anos. A not\u00edcia foi&hellip;\n","protected":false},"author":2,"featured_media":229554,"comment_status":"","ping_status":"","sticky":false,"template":"","format":"standard","meta":{"footnotes":""},"categories":[145],"tags":[211,210,114,115,32,33],"class_list":{"0":"post-229553","1":"post","2":"type-post","3":"status-publish","4":"format-standard","5":"has-post-thumbnail","7":"category-celebridades","8":"tag-celebridades","9":"tag-celebrities","10":"tag-entertainment","11":"tag-entretenimento","12":"tag-portugal","13":"tag-pt"},"share_on_mastodon":{"url":"https:\/\/pubeurope.com\/@pt\/115897632240930859","error":""},"_links":{"self":[{"href":"https:\/\/www.europesays.com\/pt\/wp-json\/wp\/v2\/posts\/229553","targetHints":{"allow":["GET"]}}],"collection":[{"href":"https:\/\/www.europesays.com\/pt\/wp-json\/wp\/v2\/posts"}],"about":[{"href":"https:\/\/www.europesays.com\/pt\/wp-json\/wp\/v2\/types\/post"}],"author":[{"embeddable":true,"href":"https:\/\/www.europesays.com\/pt\/wp-json\/wp\/v2\/users\/2"}],"replies":[{"embeddable":true,"href":"https:\/\/www.europesays.com\/pt\/wp-json\/wp\/v2\/comments?post=229553"}],"version-history":[{"count":0,"href":"https:\/\/www.europesays.com\/pt\/wp-json\/wp\/v2\/posts\/229553\/revisions"}],"wp:featuredmedia":[{"embeddable":true,"href":"https:\/\/www.europesays.com\/pt\/wp-json\/wp\/v2\/media\/229554"}],"wp:attachment":[{"href":"https:\/\/www.europesays.com\/pt\/wp-json\/wp\/v2\/media?parent=229553"}],"wp:term":[{"taxonomy":"category","embeddable":true,"href":"https:\/\/www.europesays.com\/pt\/wp-json\/wp\/v2\/categories?post=229553"},{"taxonomy":"post_tag","embeddable":true,"href":"https:\/\/www.europesays.com\/pt\/wp-json\/wp\/v2\/tags?post=229553"}],"curies":[{"name":"wp","href":"https:\/\/api.w.org\/{rel}","templated":true}]}}