{"id":229555,"date":"2026-01-15T06:13:12","date_gmt":"2026-01-15T06:13:12","guid":{"rendered":"https:\/\/www.europesays.com\/pt\/229555\/"},"modified":"2026-01-15T06:13:12","modified_gmt":"2026-01-15T06:13:12","slug":"maria-botelho-moniz-mostra-imagens-da-desistencia-de-pedro-barroso-e-todos-ficam-abalados-tvi-player","status":"publish","type":"post","link":"https:\/\/www.europesays.com\/pt\/229555\/","title":{"rendered":"Maria Botelho Moniz mostra imagens da desist\u00eancia de Pedro Barroso e todos ficam abalados &#8211; TVI Player"},"content":{"rendered":"<ol>\n<li><a href=\"https:\/\/news.google.com\/rss\/articles\/CBMiowFBVV95cUxNdmxQR2Z6MTNqM3lEOFZvQlNycW1LS0pROEhfaC16ZkJPaUdDbm9ILUsxWDJOTmJiZzYzN1VnbkdCWUYzdWVQdGVDQXUzMERBanlaZUlWcjNGVmd6SXdJZjhiSDgxUno5YjFwM09lTHY0UlN2dF93bkhCUERKanlINzBkeFhhZ1ByY05QVWhVUTh4UkRzM0IzdlBjbWFRbkRUWVRN?oc=5\" target=\"_blank\" rel=\"nofollow noopener\">Maria Botelho Moniz mostra imagens da desist\u00eancia de Pedro Barroso e todos ficam abalados<\/a>&nbsp;&nbsp;TVI Player<\/li>\n<li><a href=\"https:\/\/news.google.com\/rss\/articles\/CBMitwFBVV95cUxQd05QMGU0ZkhQRzNEVWY2WGJWNUFDWkZ4QlpqQ3dsMHhrRlR2QWIyMFM2TVh6eTc2Mm53UUFMVm5KZDZYcGRYZmQ3enFGdVh1ZE1nRDZBWHl6eDVvdldQTEI1SERfdno5dEVJTXdOVjRGaFZmeFJiejl3RjNCX0doRjNhbjdEZHlfMFNQbEZCVDBZNTlCRy1FVFk4Tk9DTkRKb0FkXzcwbnlDdENVQlBJU0FKM3I0Q3c?oc=5\" target=\"_blank\" rel=\"nofollow noopener\">Em l\u00e1grimas, Pedro Barroso revela raz\u00e3o de afastamento da representa\u00e7\u00e3o<\/a>&nbsp;&nbsp;Not\u00edcias ao Minuto<\/li>\n<li><a href=\"https:\/\/news.google.com\/rss\/articles\/CBMieEFVX3lxTE9XeFBJdlFEVEdsdm8xTUFwa1dRd2Z0amgyeVRodkRLRjFCVGh1Uml6VzhLOUhiWS0xSXZuUVRsdmN6eUtMS2ZDZlZXT29JSFM1elNTR05sbS1JSVpvUmFCek5NRVE1Y0Q3bzRYVVhnRmY5T2pqTjBTYg?oc=5\" target=\"_blank\" rel=\"nofollow noopener\">Orgulho desmedido<\/a>&nbsp;&nbsp;PressReader<\/li>\n<li><a href=\"https:\/\/news.google.com\/rss\/articles\/CBMihwJBVV95cUxPTGxtMzdqcmlQWlpMRnpjRWVhZUdUREJXZXktTXBUNGIwYTBvY2dnUm5sYXZhMGdVdlNKTDY0VW5pYlZwSXY4WjFXbTU5OXh0RS12NHN6OUE1YWI1eDFYS1JiNjloaWFUWlA4UncxZ0ZKa09IVzZpZDNRbXpjVUpSUG9fYXhVelFOWm1MU0dOcXhzWlhTNGhvVXVTN2hVUFBYMGE4Z1ZERE5OVlRwZENHWTJPUEpwelVCaTd5VTVSMUE1NTBqcF9TV2tUeHdYcDdWY2JFQ0ZWcXlZVXVPSGlTWGJEMHZEdWd5VVFUSzdsRUZCVUJaRzF2eGZtZ09PVXhGYjAxWTBaVQ?oc=5\" target=\"_blank\" rel=\"nofollow noopener\">Confrontos e nomea\u00e7\u00f5es. Rui Freitas garante a No\u00e9lia que nunca a nomeou e os recrutas recordam momento tenso<\/a>&nbsp;&nbsp;TVI<\/li>\n<li><a href=\"https:\/\/news.google.com\/rss\/articles\/CBMitwFBVV95cUxOMWhxVmJuNnhzYTQ3Rm5ubm5kckY0NzVEdHc0WS1uS2Z1a2R2RHRBVU1POHU5cUlGMU55V3RBR25qRC1OV3g1SkpGb1NnbjlSRmFfRi1TNExQSjVFZXp1QVRJQXdQU2xlVDhuczFxbGJIT2l3LVhfZW4zTHVPd252Q1RGSkEwdUY2SlpLTklRcTlwMFpWaDBpcXJjOHlzUFdiTW9WWWVhNGd5b0htcjRtdWhmXzIwLU0?oc=5\" target=\"_blank\" rel=\"nofollow noopener\">1\u00aa Companhia &#8211; O pedido que Filipe Delgado fez a Pedro Barroso antes deste abandonar a base militar<\/a>&nbsp;&nbsp;Nova Gente<\/li>\n<\/ol>\n","protected":false},"excerpt":{"rendered":"Maria Botelho Moniz mostra imagens da desist\u00eancia de Pedro Barroso e todos ficam abalados&nbsp;&nbsp;TVI Player Em l\u00e1grimas, Pedro&hellip;\n","protected":false},"author":2,"featured_media":229556,"comment_status":"","ping_status":"","sticky":false,"template":"","format":"standard","meta":{"footnotes":""},"categories":[142],"tags":[114,115,338,32,33,151],"class_list":{"0":"post-229555","1":"post","2":"type-post","3":"status-publish","4":"format-standard","5":"has-post-thumbnail","7":"category-tv","8":"tag-entertainment","9":"tag-entretenimento","10":"tag-maria-botelho-moniz","11":"tag-portugal","12":"tag-pt","13":"tag-tv"},"share_on_mastodon":{"url":"https:\/\/pubeurope.com\/@pt\/115897643995691596","error":""},"_links":{"self":[{"href":"https:\/\/www.europesays.com\/pt\/wp-json\/wp\/v2\/posts\/229555","targetHints":{"allow":["GET"]}}],"collection":[{"href":"https:\/\/www.europesays.com\/pt\/wp-json\/wp\/v2\/posts"}],"about":[{"href":"https:\/\/www.europesays.com\/pt\/wp-json\/wp\/v2\/types\/post"}],"author":[{"embeddable":true,"href":"https:\/\/www.europesays.com\/pt\/wp-json\/wp\/v2\/users\/2"}],"replies":[{"embeddable":true,"href":"https:\/\/www.europesays.com\/pt\/wp-json\/wp\/v2\/comments?post=229555"}],"version-history":[{"count":0,"href":"https:\/\/www.europesays.com\/pt\/wp-json\/wp\/v2\/posts\/229555\/revisions"}],"wp:featuredmedia":[{"embeddable":true,"href":"https:\/\/www.europesays.com\/pt\/wp-json\/wp\/v2\/media\/229556"}],"wp:attachment":[{"href":"https:\/\/www.europesays.com\/pt\/wp-json\/wp\/v2\/media?parent=229555"}],"wp:term":[{"taxonomy":"category","embeddable":true,"href":"https:\/\/www.europesays.com\/pt\/wp-json\/wp\/v2\/categories?post=229555"},{"taxonomy":"post_tag","embeddable":true,"href":"https:\/\/www.europesays.com\/pt\/wp-json\/wp\/v2\/tags?post=229555"}],"curies":[{"name":"wp","href":"https:\/\/api.w.org\/{rel}","templated":true}]}}