{"id":229572,"date":"2026-01-15T06:38:07","date_gmt":"2026-01-15T06:38:07","guid":{"rendered":"https:\/\/www.europesays.com\/pt\/229572\/"},"modified":"2026-01-15T06:38:07","modified_gmt":"2026-01-15T06:38:07","slug":"henri-castelli-deixa-a-disputa-do-bbb-26-apos-passar-mal-na-prova-do-lider","status":"publish","type":"post","link":"https:\/\/www.europesays.com\/pt\/229572\/","title":{"rendered":"Henri Castelli deixa a disputa do &#8220;BBB 26&#8221; ap\u00f3s passar mal na prova do l\u00edder"},"content":{"rendered":"<p>O ator Henri Castelli deixou a disputa do Big Brother Brasil 26 nesta quarta-feira (14), por quest\u00f5es de sa\u00fade.\u00a0<\/p>\n<p>Durante a primeira <a href=\"https:\/\/gauchazh.clicrbs.com.br\/cultura-e-lazer\/tv\/noticia\/2026\/01\/primeira-prova-do-lider-do-bbb-26-e-de-resistencia-entenda-a-dinamica-cmkdeefu800we013o9g84820g.html\" rel=\"nofollow noopener\" target=\"_blank\"><strong>prova do l\u00edder<\/strong> <\/a>desta edi\u00e7\u00e3o do reality, na manh\u00e3 desta quarta, o ator<a href=\"https:\/\/gauchazh.clicrbs.com.br\/cultura-e-lazer\/tv\/noticia\/2026\/01\/henri-castelli-e-anunciado-participante-do-camarote-no-bbb-26-cmkbxveew00g2011zhla65dcn.html\" rel=\"nofollow noopener\" target=\"_blank\"><strong> <\/strong><\/a>passou mal e <strong>convulsionou<\/strong>. A TV Globo revelou que o brother foi levado para um hospital &#8220;depois de ter sido prontamente atendido pela equipe m\u00e9dica do programa&#8221;, disse em nota.<\/p>\n<p>No momento em que o artista passou mal e caiu na piscina de bolinhas, os <strong>outros participantes pediram ajuda<\/strong> da produ\u00e7\u00e3o do programa e a <strong>prova foi pausada<\/strong>.<\/p>\n<p>Com isso, a equipe de pronto atendimento entrou na prova e come\u00e7ou o atendimento do ator. <a href=\"https:\/\/gauchazh.clicrbs.com.br\/cultura-e-lazer\/tv\/noticia\/2026\/01\/quem-e-alberto-cowboy-diretamente-do-bbb-7-para-a-26a-edicao-do-programa-cmkbydxe200ge013odrzcl9ga.html\" rel=\"nofollow noopener\" target=\"_blank\"><strong>Alberto Cowboy<\/strong><\/a> desceu de sua plataforma para acudi-lo, mas a produ\u00e7\u00e3o ordenou seu retorno ao lugar. Sarah e Marciele choraram, <a href=\"https:\/\/gauchazh.clicrbs.com.br\/cultura-e-lazer\/tv\/noticia\/2026\/01\/gaucho-e-veterano-jonas-volta-para-o-bbb-26-cmkbydo9k00g5011zq32z86lu.html\" rel=\"nofollow noopener\" target=\"_blank\"><strong>Jonas Sulzbach<\/strong><\/a> rezou para o colega melhorar.<\/p>\n<p>Depois de receber atendimento m\u00e9dico e realizar exames, Henri voltou para a casa e, minutos depois, teve outra crise convulsiva. Com isso, a produ\u00e7\u00e3o do programa entendeu que o ator n\u00e3o teria condi\u00e7\u00f5es de sa\u00fade para continuar sua participa\u00e7\u00e3o no reality. Henry ent\u00e3o deixa a disputa pelo pr\u00eamio de <strong>R$ 5.440.000.<\/strong><\/p>\n<p>Natural de S\u00e3o Bernardo do Campo, S\u00e3o Paulo, Henri \u00e9 reconhecido por seus trabalhos em Cobras &amp; Lagartos (2006), Sol Nascente (2016), I Love Parais\u00f3polis (2015), Flor do Caribe (2013), Caras &amp; Bocas (2010).<\/p>\n<p>&#8220;Como esclarecido h\u00e1 pouco no BBB, nesta quarta-feira pela manh\u00e3, durante a prova do l\u00edder, Henri Castelli teve uma crise convulsiva, foi atendido no prov\u00f3dromo pela equipe m\u00e9dica e levado a um hospital para realiza\u00e7\u00e3o de exames. \u00c0 tarde, ap\u00f3s os resultados n\u00e3o apontarem qualquer problema, Henri retornou ao programa, mas teve uma nova crise. Ele, ent\u00e3o, foi levado novamente ao hospital, onde ficou internado em observa\u00e7\u00e3o. O ator, diante deste quadro, n\u00e3o seguir\u00e1 no programa.&#8221;<\/p>\n","protected":false},"excerpt":{"rendered":"O ator Henri Castelli deixou a disputa do Big Brother Brasil 26 nesta quarta-feira (14), por quest\u00f5es de&hellip;\n","protected":false},"author":2,"featured_media":229573,"comment_status":"","ping_status":"","sticky":false,"template":"","format":"standard","meta":{"footnotes":""},"categories":[145],"tags":[211,210,114,115,32,33],"class_list":{"0":"post-229572","1":"post","2":"type-post","3":"status-publish","4":"format-standard","5":"has-post-thumbnail","7":"category-celebridades","8":"tag-celebridades","9":"tag-celebrities","10":"tag-entertainment","11":"tag-entretenimento","12":"tag-portugal","13":"tag-pt"},"share_on_mastodon":{"url":"https:\/\/pubeurope.com\/@pt\/115897742307254157","error":""},"_links":{"self":[{"href":"https:\/\/www.europesays.com\/pt\/wp-json\/wp\/v2\/posts\/229572","targetHints":{"allow":["GET"]}}],"collection":[{"href":"https:\/\/www.europesays.com\/pt\/wp-json\/wp\/v2\/posts"}],"about":[{"href":"https:\/\/www.europesays.com\/pt\/wp-json\/wp\/v2\/types\/post"}],"author":[{"embeddable":true,"href":"https:\/\/www.europesays.com\/pt\/wp-json\/wp\/v2\/users\/2"}],"replies":[{"embeddable":true,"href":"https:\/\/www.europesays.com\/pt\/wp-json\/wp\/v2\/comments?post=229572"}],"version-history":[{"count":0,"href":"https:\/\/www.europesays.com\/pt\/wp-json\/wp\/v2\/posts\/229572\/revisions"}],"wp:featuredmedia":[{"embeddable":true,"href":"https:\/\/www.europesays.com\/pt\/wp-json\/wp\/v2\/media\/229573"}],"wp:attachment":[{"href":"https:\/\/www.europesays.com\/pt\/wp-json\/wp\/v2\/media?parent=229572"}],"wp:term":[{"taxonomy":"category","embeddable":true,"href":"https:\/\/www.europesays.com\/pt\/wp-json\/wp\/v2\/categories?post=229572"},{"taxonomy":"post_tag","embeddable":true,"href":"https:\/\/www.europesays.com\/pt\/wp-json\/wp\/v2\/tags?post=229572"}],"curies":[{"name":"wp","href":"https:\/\/api.w.org\/{rel}","templated":true}]}}