{"id":229637,"date":"2026-01-15T08:16:09","date_gmt":"2026-01-15T08:16:09","guid":{"rendered":"https:\/\/www.europesays.com\/pt\/229637\/"},"modified":"2026-01-15T08:16:09","modified_gmt":"2026-01-15T08:16:09","slug":"agente-do-ice-que-baleou-renee-good-sofreu-hemorragias-internas-dizem-fontes","status":"publish","type":"post","link":"https:\/\/www.europesays.com\/pt\/229637\/","title":{"rendered":"Agente do ICE que baleou Renee Good sofreu hemorragias internas, dizem fontes"},"content":{"rendered":"\n<p>A Secret\u00e1ria de Seguran\u00e7a Interna dos EUA, Kristi Noem, afirmara anteriormente que Ross fora atingido pela viatura conduzida por Good. O agente recebeu tratamento hospitalar e teve alta no pr\u00f3prio dia do incidente. Segundo Noem, Ross acredita ter agido em leg\u00edtima defesa, bem como para proteger os seus colegas.<\/p>\n<p>Os registos indicam que este \u00e9 o segundo incidente grave de Ross num curto espa\u00e7o de tempo: em junho passado, o agente necessitou de 33 pontos ap\u00f3s ter sido arrastado por um carro durante uma tentativa de deten\u00e7\u00e3o na mesma regi\u00e3o. <\/p>\n<p>Atualmente, Ross encontra-se num local seguro devido a amea\u00e7as dirigidas \u00e0 sua integridade f\u00edsica que tem sofrido por parte de ativistas.<\/p>\n<p>O caso continua a gerar tens\u00e3o em Minneapolis, com protestos locais e a\u00e7\u00f5es judiciais por parte das autoridades estaduais contra as opera\u00e7\u00f5es recentes do ICE no Minnesota.<\/p>\n","protected":false},"excerpt":{"rendered":"A Secret\u00e1ria de Seguran\u00e7a Interna dos EUA, Kristi Noem, afirmara anteriormente que Ross fora atingido pela viatura conduzida&hellip;\n","protected":false},"author":2,"featured_media":229638,"comment_status":"","ping_status":"","sticky":false,"template":"","format":"standard","meta":{"footnotes":""},"categories":[50],"tags":[27,28,413,15,16,14,17541,1481,25,26,21,22,62,12,13,19,20,23,24,17,18,29,30,31,63,64,65],"class_list":{"0":"post-229637","1":"post","2":"type-post","3":"status-publish","4":"format-standard","5":"has-post-thumbnail","7":"category-mundo","8":"tag-breaking-news","9":"tag-breakingnews","10":"tag-eua","11":"tag-featured-news","12":"tag-featurednews","13":"tag-headlines","14":"tag-ice","15":"tag-imigracao","16":"tag-latest-news","17":"tag-latestnews","18":"tag-main-news","19":"tag-mainnews","20":"tag-mundo","21":"tag-news","22":"tag-noticias","23":"tag-noticias-principais","24":"tag-noticiasprincipais","25":"tag-principais-noticias","26":"tag-principaisnoticias","27":"tag-top-stories","28":"tag-topstories","29":"tag-ultimas","30":"tag-ultimas-noticias","31":"tag-ultimasnoticias","32":"tag-world","33":"tag-world-news","34":"tag-worldnews"},"share_on_mastodon":{"url":"https:\/\/pubeurope.com\/@pt\/115898127794149597","error":""},"_links":{"self":[{"href":"https:\/\/www.europesays.com\/pt\/wp-json\/wp\/v2\/posts\/229637","targetHints":{"allow":["GET"]}}],"collection":[{"href":"https:\/\/www.europesays.com\/pt\/wp-json\/wp\/v2\/posts"}],"about":[{"href":"https:\/\/www.europesays.com\/pt\/wp-json\/wp\/v2\/types\/post"}],"author":[{"embeddable":true,"href":"https:\/\/www.europesays.com\/pt\/wp-json\/wp\/v2\/users\/2"}],"replies":[{"embeddable":true,"href":"https:\/\/www.europesays.com\/pt\/wp-json\/wp\/v2\/comments?post=229637"}],"version-history":[{"count":0,"href":"https:\/\/www.europesays.com\/pt\/wp-json\/wp\/v2\/posts\/229637\/revisions"}],"wp:featuredmedia":[{"embeddable":true,"href":"https:\/\/www.europesays.com\/pt\/wp-json\/wp\/v2\/media\/229638"}],"wp:attachment":[{"href":"https:\/\/www.europesays.com\/pt\/wp-json\/wp\/v2\/media?parent=229637"}],"wp:term":[{"taxonomy":"category","embeddable":true,"href":"https:\/\/www.europesays.com\/pt\/wp-json\/wp\/v2\/categories?post=229637"},{"taxonomy":"post_tag","embeddable":true,"href":"https:\/\/www.europesays.com\/pt\/wp-json\/wp\/v2\/tags?post=229637"}],"curies":[{"name":"wp","href":"https:\/\/api.w.org\/{rel}","templated":true}]}}